{"id":66014,"date":"2019-10-30T15:14:28","date_gmt":"2019-10-30T19:14:28","guid":{"rendered":"https:\/\/linitiative.ca\/International\/equipe-dalgerie-mehdi-abeid-cest-grandiose-doffrir-de-la-joie-au-peuple-algerien\/"},"modified":"2019-10-30T15:14:28","modified_gmt":"2019-10-30T19:14:28","slug":"equipe-dalgerie-mehdi-abeid-cest-grandiose-doffrir-de-la-joie-au-peuple-algerien","status":"publish","type":"post","link":"https:\/\/linitiative.ca\/International\/equipe-dalgerie-mehdi-abeid-cest-grandiose-doffrir-de-la-joie-au-peuple-algerien\/","title":{"rendered":"Equipe d&rsquo;Alg\u00e9rie : Mehdi Abeid : \u00abC\u2019est grandiose d\u2019offrir de la joie au peuple alg\u00e9rien\u00bb"},"content":{"rendered":"<div readability=\"32\">\n<p>Auteur : <span class=\"time\">mercredi 30 octobre 2019 16:44<\/span><\/p>\n<\/div>\n<div id=\"post_core\" readability=\"39\">\n<p>Le joueur milieu de terrain de l\u2019EN, Mehdi Abeid s\u2019est r\u00e9jouit de la performance collective des Verts \u00e0 la CAN\u00a0:\u00a0\u00abJ\u2019ai toujours des flashs de ces moments qui ne pourront jamais s\u2019effacer de ma m\u00e9moire. Gagner un troph\u00e9e avec son \u00e9quipe nationale n\u2019est pas une chose qui arrive \u00e0 tout le monde. Si on s\u2019\u00e9loigne du football, c\u2019est grandiose d\u2019offrir de la joie au peuple alg\u00e9rien et \u00e0 tous les gens qui nous ont suivis. C\u2019est une cons\u00e9cration qui restera \u00e0 jamais.\u00bb a-t-il d\u00e9clar\u00e9 \u00e0 BeIN Sports<\/p>\n<p><strong>Publi\u00e9 dans :<\/strong> <span>mehdi abeid<\/span><\/p>\n<\/div>\n<p>Auteur:<br \/>\n<a href=\"http:\/\/www.lebuteur.com\/article\/detail?titre=mehdi-abeid-cest-grandiose-doffrir-de-la-joie-au-peuple-algerien&#038;id=92649&#038;utm_source=feedburner&#038;utm_medium=feed&#038;utm_campaign=Feed%3A+GalerieFArtciles+%28Les+derniers+articles++-+lebuteur.com%29\">Cliquez ici pour lire l&rsquo;article depuis sa source.<\/a><\/p>\n","protected":false},"excerpt":{"rendered":"<p>Auteur : mercredi 30 octobre 2019 16:44 Le joueur milieu de terrain de l\u2019EN, Mehdi Abeid s\u2019est r\u00e9jouit de la performance collective des Verts \u00e0 la CAN\u00a0:\u00a0\u00abJ\u2019ai toujours des flashs de ces moments qui ne pourront jamais s\u2019effacer de ma m\u00e9moire. Gagner un troph\u00e9e avec son \u00e9quipe nationale n\u2019est pas une chose qui arrive \u00e0 [&hellip;]<\/p>\n","protected":false},"author":1738,"featured_media":66015,"comment_status":"closed","ping_status":"closed","sticky":false,"template":"","format":"standard","meta":{"fifu_image_url":"","fifu_image_alt":"","footnotes":""},"categories":[53,75],"tags":[],"class_list":["post-66014","post","type-post","status-publish","format-standard","has-post-thumbnail","hentry","category-algerie","category-sport"],"_links":{"self":[{"href":"https:\/\/linitiative.ca\/International\/wp-json\/wp\/v2\/posts\/66014","targetHints":{"allow":["GET"]}}],"collection":[{"href":"https:\/\/linitiative.ca\/International\/wp-json\/wp\/v2\/posts"}],"about":[{"href":"https:\/\/linitiative.ca\/International\/wp-json\/wp\/v2\/types\/post"}],"author":[{"embeddable":true,"href":"https:\/\/linitiative.ca\/International\/wp-json\/wp\/v2\/users\/1738"}],"replies":[{"embeddable":true,"href":"https:\/\/linitiative.ca\/International\/wp-json\/wp\/v2\/comments?post=66014"}],"version-history":[{"count":0,"href":"https:\/\/linitiative.ca\/International\/wp-json\/wp\/v2\/posts\/66014\/revisions"}],"wp:featuredmedia":[{"embeddable":true,"href":"https:\/\/linitiative.ca\/International\/wp-json\/"}],"wp:attachment":[{"href":"https:\/\/linitiative.ca\/International\/wp-json\/wp\/v2\/media?parent=66014"}],"wp:term":[{"taxonomy":"category","embeddable":true,"href":"https:\/\/linitiative.ca\/International\/wp-json\/wp\/v2\/categories?post=66014"},{"taxonomy":"post_tag","embeddable":true,"href":"https:\/\/linitiative.ca\/International\/wp-json\/wp\/v2\/tags?post=66014"}],"curies":[{"name":"wp","href":"https:\/\/api.w.org\/{rel}","templated":true}]}}