{"id":66018,"date":"2019-10-30T07:22:00","date_gmt":"2019-10-30T11:22:00","guid":{"rendered":"https:\/\/linitiative.ca\/International\/le-salon-international-du-livre-inaugure-aujourdhui-a-alger\/"},"modified":"2019-10-30T07:22:00","modified_gmt":"2019-10-30T11:22:00","slug":"le-salon-international-du-livre-inaugure-aujourdhui-a-alger","status":"publish","type":"post","link":"https:\/\/linitiative.ca\/International\/le-salon-international-du-livre-inaugure-aujourdhui-a-alger\/","title":{"rendered":"Le salon international du livre : Inaugur\u00e9 aujourd\u2019hui \u00e0 Alger"},"content":{"rendered":"<p><strong>Jeudi le public alg\u00e9rien renouera avec le rendez-vous culturel phare de l&rsquo;ann\u00e9e, le Salon international du livre d&rsquo;Alger (Sila), qui sera inaugur\u00e9 officiellement ce mercredi<\/strong><\/p>\n<p><strong>Le Sila verra la participation de 1.030 maisons d&rsquo;\u00e9dition, dont 298 alg\u00e9riennes, proposant plus de 183.000 titres, toutes sp\u00e9cialit\u00e9s confondues.\u00a0\u00a0<\/strong><\/p>\n<p>Ce rendez-vous culturel majeur, affichant chaque ann\u00e9e un nombre important de visiteurs, est \u00e9galement une occasion pour les lecteurs de d\u00e9couvrir les publications des nombreuses maisons d&rsquo;\u00e9dition. Invit\u00e9 d&rsquo;honneur du Sila 2019, le S\u00e9n\u00e9gal devra \u00eatre repr\u00e9sent\u00e9 par des\u00a0 auteurs comme Hamidou Sall, Khallil Diallo, Rahmatou Seck Samb, ou encore Abdoulaye Racine Senghor. Une rencontre entre \u00e9diteurs alg\u00e9riens et s\u00e9n\u00e9galais est \u00e9galement pr\u00e9vue \u00e0 la fin du salon dont cette 24<sup>e<\/sup> n&rsquo;offre son estrade qu&rsquo;\u00e0 deux auteurs \u00e9trangers, le Palestinien Ibrahim Nasrallah et l&rsquo;Am\u00e9ricaine Elaine Mokhtefi, militante de la cause alg\u00e9rienne qui vient de publier ses m\u00e9moires chez Barzakh.<\/p>\n<p>L&rsquo;espace Esprit Panaf devra \u00eatre d\u00e9di\u00e9 \u00e0 la comm\u00e9moration du cinquantenaire du Festival culturel panafricain d&rsquo;Alger de 1969.<\/p>\n<p>Des lectures et conf\u00e9rences seront propos\u00e9es<\/p>\n<p>R\u00e9daction Web<\/p>\n<p><em>Pour en savoir plus<\/em><\/p>\n<p><a href=\"https:\/\/sila.dz\/\">https:\/\/sila.dz\/<\/a><\/p>\n<p>Auteur: elmoudjahid<br \/>\n<a href=\"http:\/\/www.elmoudjahid.com\/fr\/actualites\/143806\">Cliquez ici pour lire l&rsquo;article depuis sa source.<\/a><\/p>\n","protected":false},"excerpt":{"rendered":"<p>Jeudi le public alg\u00e9rien renouera avec le rendez-vous culturel phare de l&rsquo;ann\u00e9e, le Salon international du livre d&rsquo;Alger (Sila), qui sera inaugur\u00e9 officiellement ce mercredi Le Sila verra la participation de 1.030 maisons d&rsquo;\u00e9dition, dont 298 alg\u00e9riennes, proposant plus de 183.000 titres, toutes sp\u00e9cialit\u00e9s confondues.\u00a0\u00a0 Ce rendez-vous culturel majeur, affichant chaque ann\u00e9e un nombre important [&hellip;]<\/p>\n","protected":false},"author":1744,"featured_media":0,"comment_status":"closed","ping_status":"closed","sticky":false,"template":"","format":"standard","meta":{"fifu_image_url":"","fifu_image_alt":"","footnotes":""},"categories":[73,53],"tags":[],"class_list":["post-66018","post","type-post","status-publish","format-standard","hentry","category-actualite","category-algerie"],"_links":{"self":[{"href":"https:\/\/linitiative.ca\/International\/wp-json\/wp\/v2\/posts\/66018","targetHints":{"allow":["GET"]}}],"collection":[{"href":"https:\/\/linitiative.ca\/International\/wp-json\/wp\/v2\/posts"}],"about":[{"href":"https:\/\/linitiative.ca\/International\/wp-json\/wp\/v2\/types\/post"}],"author":[{"embeddable":true,"href":"https:\/\/linitiative.ca\/International\/wp-json\/wp\/v2\/users\/1744"}],"replies":[{"embeddable":true,"href":"https:\/\/linitiative.ca\/International\/wp-json\/wp\/v2\/comments?post=66018"}],"version-history":[{"count":0,"href":"https:\/\/linitiative.ca\/International\/wp-json\/wp\/v2\/posts\/66018\/revisions"}],"wp:attachment":[{"href":"https:\/\/linitiative.ca\/International\/wp-json\/wp\/v2\/media?parent=66018"}],"wp:term":[{"taxonomy":"category","embeddable":true,"href":"https:\/\/linitiative.ca\/International\/wp-json\/wp\/v2\/categories?post=66018"},{"taxonomy":"post_tag","embeddable":true,"href":"https:\/\/linitiative.ca\/International\/wp-json\/wp\/v2\/tags?post=66018"}],"curies":[{"name":"wp","href":"https:\/\/api.w.org\/{rel}","templated":true}]}}