{"id":66019,"date":"2019-10-30T09:02:00","date_gmt":"2019-10-30T13:02:00","guid":{"rendered":"https:\/\/linitiative.ca\/International\/le-forum-del-moudjahid-fait-revivre-la-declaration-du-1er-novembre-1954\/"},"modified":"2019-10-30T09:02:00","modified_gmt":"2019-10-30T13:02:00","slug":"le-forum-del-moudjahid-fait-revivre-la-declaration-du-1er-novembre-1954","status":"publish","type":"post","link":"https:\/\/linitiative.ca\/International\/le-forum-del-moudjahid-fait-revivre-la-declaration-du-1er-novembre-1954\/","title":{"rendered":"Le Forum d\u2019El Moudjahid fait revivre la d\u00e9claration du 1er-Novembre 1954"},"content":{"rendered":"<p>A la veille de la c\u00e9l\u00e9bration du 65<sup>e<\/sup> anniversaire du d\u00e9clenchement de la R\u00e9volution, le forum de la M\u00e9moire d\u2019El Moudjahid a organis\u00e9 ce mercredi matin une conf\u00e9rence historique sur la D\u00e9claration du 1<sup>er<\/sup>\u2013Novembre 1954. <strong>Les historiens et intervenants se sont accord\u00e9 \u00e0 dire que ce document \u00e0 dimensions politique, culturelle, religieuse et philosophique constitue toujours une r\u00e9f\u00e9rence pour l\u2019ensemble des Alg\u00e9riens. Le chercheur<\/strong> Ameur Rkhila a abord\u00e9 la port\u00e9e et les concepts cit\u00e9s dans la d\u00e9claration.<\/p>\n<p>Pour lui, la date du 1<sup>er<\/sup> -Novembre 1954 a sign\u00e9 l\u2019acte de naissance d\u2019une r\u00e9volution exemplaire pour les annales des mouvements de lib\u00e9ration des peuples. Le chercheur en histoire a d\u00e9cortiqu\u00e9 le texte dans son fond et sa forme, pr\u00e9cisant que ce document a le m\u00e9rite d\u2019avoir port\u00e9 le mouvement national de la vision politique de la question alg\u00e9rienne \u00e0 la phase de l\u2019application sur le terrain, renon\u00e7ant \u00e0 toute sorte d\u2019h\u00e9sitation au sein des diff\u00e9rentes formations du mouvement national et du peuple alg\u00e9rien. Le conf\u00e9rencier a tenu \u00e0 indiquer dans sa lecture, que le concept r\u00e9volution n\u2019\u00e9tait pas \u00e9voqu\u00e9 dans le texte. Mais, dira t-il, les mots utilis\u00e9s \u00e9taient inspir\u00e9s d\u2019une terminologie politique et juridique tr\u00e8s claires. Le document contenait des expressions comme \u2018\u2018l\u2019Unit\u00e9 et le travail\u2019\u2019, \u2018\u2018lutte de lib\u00e9ration\u2019\u2019\u2026 Les r\u00e9dacteurs ont laiss\u00e9 la porte ouverte \u00e0 des n\u00e9gociations et avaient appel\u00e9 la France \u00e0 n\u00e9gocier.<\/p>\n<p>Pour le moudjahid et<strong>commissaire principal \u00e0 la retraite, Aissa Gasmi,<\/strong> la D\u00e9claration du 1<sup>er<\/sup>-Novembre, \u00ab\u00a0cette d\u00e9claration r\u00e9sume le g\u00e9nie du peuple alg\u00e9rien\u00a0\u00bb.<\/p>\n<p><strong>R\u00e9daction El Moudjahid Web<\/strong><\/p>\n<p>Le texte de la D\u00e9claration du 1<sup>er-<\/sup>Novembre\u00a0: <a href=\"http:\/\/www.elmoudjahid.com\/fr\/static\/apropos\">http:\/\/www.elmoudjahid.com\/fr\/static\/apropos<\/a><\/p>\n<p><em>Plus d\u2019infos dans notre \u00e9dition du jeudi 31 octobre<\/em><\/p>\n<p>Auteur: elmoudjahid<br \/>\n<a href=\"http:\/\/www.elmoudjahid.com\/fr\/actualites\/143807\">Cliquez ici pour lire l&rsquo;article depuis sa source.<\/a><\/p>\n","protected":false},"excerpt":{"rendered":"<p>A la veille de la c\u00e9l\u00e9bration du 65e anniversaire du d\u00e9clenchement de la R\u00e9volution, le forum de la M\u00e9moire d\u2019El Moudjahid a organis\u00e9 ce mercredi matin une conf\u00e9rence historique sur la D\u00e9claration du 1er\u2013Novembre 1954. Les historiens et intervenants se sont accord\u00e9 \u00e0 dire que ce document \u00e0 dimensions politique, culturelle, religieuse et philosophique constitue [&hellip;]<\/p>\n","protected":false},"author":1744,"featured_media":0,"comment_status":"closed","ping_status":"closed","sticky":false,"template":"","format":"standard","meta":{"fifu_image_url":"","fifu_image_alt":"","footnotes":""},"categories":[73,53],"tags":[],"class_list":["post-66019","post","type-post","status-publish","format-standard","hentry","category-actualite","category-algerie"],"_links":{"self":[{"href":"https:\/\/linitiative.ca\/International\/wp-json\/wp\/v2\/posts\/66019","targetHints":{"allow":["GET"]}}],"collection":[{"href":"https:\/\/linitiative.ca\/International\/wp-json\/wp\/v2\/posts"}],"about":[{"href":"https:\/\/linitiative.ca\/International\/wp-json\/wp\/v2\/types\/post"}],"author":[{"embeddable":true,"href":"https:\/\/linitiative.ca\/International\/wp-json\/wp\/v2\/users\/1744"}],"replies":[{"embeddable":true,"href":"https:\/\/linitiative.ca\/International\/wp-json\/wp\/v2\/comments?post=66019"}],"version-history":[{"count":0,"href":"https:\/\/linitiative.ca\/International\/wp-json\/wp\/v2\/posts\/66019\/revisions"}],"wp:attachment":[{"href":"https:\/\/linitiative.ca\/International\/wp-json\/wp\/v2\/media?parent=66019"}],"wp:term":[{"taxonomy":"category","embeddable":true,"href":"https:\/\/linitiative.ca\/International\/wp-json\/wp\/v2\/categories?post=66019"},{"taxonomy":"post_tag","embeddable":true,"href":"https:\/\/linitiative.ca\/International\/wp-json\/wp\/v2\/tags?post=66019"}],"curies":[{"name":"wp","href":"https:\/\/api.w.org\/{rel}","templated":true}]}}