{"id":66045,"date":"2019-10-30T07:21:00","date_gmt":"2019-10-30T11:21:00","guid":{"rendered":"https:\/\/linitiative.ca\/International\/mohamed-larbi-bouguerra-on-est-empoisonnes-et-tout-le-monde-sen-fout\/"},"modified":"2019-10-30T07:21:00","modified_gmt":"2019-10-30T11:21:00","slug":"mohamed-larbi-bouguerra-on-est-empoisonnes-et-tout-le-monde-sen-fout","status":"publish","type":"post","link":"https:\/\/linitiative.ca\/International\/mohamed-larbi-bouguerra-on-est-empoisonnes-et-tout-le-monde-sen-fout\/","title":{"rendered":"Mohamed Larbi Bouguerra: On est empoisonn\u00e9s et tout le monde s\u2019en fout!"},"content":{"rendered":"<p><img decoding=\"async\" src=\"\/uploads\/FCK_files\/Mohamed-Larbi-Bouguera(90).jpg\" width=\"30%\" vspace=\"5\" hspace=\"5\" align=\"left\" alt=\"\"\/>J\u2019emprunte cette expression \u00e0 la belle interview de la grande cin\u00e9aste Coline Serreau &#8211; une femme remarquable &#8211; parue dans le Monde du 20-21 octobre 2019 (p.27).<br \/>Il me para\u00eet \u00e9vident que cette constatation s\u2018applique parfaitement aux responsables de\u00a0 notre pays apr\u00e8s le marathon des \u00e9lections.<br \/>\u00ab Et pendant ce temps, notre maison br\u00fble \u00bb.<\/p>\n<p>Ailleurs, \u00ab Youth for Climate \u00bb mobilise les jeunes contre le changement climatique, l\u2019agriculture industrielle et la soci\u00e9t\u00e9 de consommation.\u00a0 Le bel \u00e9lan de nettoyage et d\u2019embellissement du milieu et des \u00e9coles, observ\u00e9 apr\u00e8s les \u00e9lections chez nous, fait chaud au c\u0153ur et montre que ce peuple conserve de remarquables ressorts pour rebondir. Ind\u00e9pendamment des partis, des caciques et des m\u00e9dias. En Tunisie, nous avons des milliers de Greta Thunberg !<\/p>\n<p>Ramasser et nettoyer collectivement est excellent et renforce le sentiment d\u2019appartenance \u00e0 ce mien pays mais comment \u00e9viter la r\u00e9\u00e9dition de comportements inappropri\u00e9s si des poubelles r\u00e9guli\u00e8rement vid\u00e9es ne sont pas install\u00e9es dans le domaine public ? D\u00e9pose-t-on les d\u00e9chets ramass\u00e9s dans des d\u00e9charges contr\u00f4l\u00e9es ? Comment r\u00e9soudre la question des d\u00e9charges sauvages ? Comment introduire chez le Tunisien le tri s\u00e9lectif et faire du compostage une habitude ? Sans un minimum de mesures p\u00e9rennes, ce bel \u00e9lan risque de ressembler &#8211; qu\u2019\u00e0 Dieu ne plaise &#8211; au tonneau des Dana\u00efdes.<\/p>\n<p>Il n\u2019en demeure pas moins vrai que la crise \u00e9cologique est le dernier souci de nos politiciens et elle n\u2019a eu qu\u2019une bien menue portion des d\u00e9bats qui ont \u00e9maill\u00e9 le marathon \u00e9lectoral. L\u2019urgence de la crise \u00e9cologique ne semble inqui\u00e9ter personne. Dans son discours d\u2019investiture, M. Ka\u00efs Sa\u00efed n\u2019a souffl\u00e9 mot des questions environnementales. Pourtant, la crise \u00e9cologique qui s\u2019exacerbe &#8211; avec son lot d\u2019inondations, de manque d\u2019eau potable, de moustiques, de rongeurs\u00a0 et de temp\u00e9ratures estivales dantesques &#8211; aggrave la crise sociale.<\/p>\n<p>Deux morts sur cinq dans le monde seraient li\u00e9s directement ou indirectement \u00e0 des facteurs environnementaux selon notre ami le Pr David Pimentel de l\u2019Universit\u00e9 Cornell \u00e0 Ithaca (Etat de New York) (Lire la revue \u00ab Human Ecology \u00bb, d\u00e9cembre 2007). Pimental \u00e9crivait : <em>\u00ab Actuellement, 40% des d\u00e9c\u00e8s dans le monde r\u00e9sultent de diff\u00e9rents facteurs environnementaux, notamment les polluants chimiques, le tabac et la malnutrition. \u00bb<\/em><\/p>\n<p>Dans notre pays, apparemment, cela ne d\u00e9range pas grand monde parmi nos responsables. Comme si la Tunisie \u00e9tait immunis\u00e9e de cette pollution globale av\u00e9r\u00e9e. Sous cloche.<br \/>Combien co\u00fbtent \u00e0 la communaut\u00e9 nationale les cancers des fumeurs ? Comment oublier que le pays enregistre chaque ann\u00e9e 2200 nouveaux cas de cancer du sein ?<br \/>Mais on ne parle que du gouvernement d\u2019Ennahda, on marchande tel ou tel portefeuille minist\u00e9riel, on s\u2019interroge sur l\u2019apparition d\u2019extra-terrestres du type de la Coalition El Karama, on suppute les chances de revenants d\u2019outre-tombe du type PDL. On est pour ou contre la fermeture de telle ou telle cha\u00eene de t\u00e9l\u00e9vision\u2026.<br \/>Et pourtant\u2026.<\/p>\n<p>L\u2019ob\u00e9sit\u00e9 infantile augmente car le Tunisien se nourrit mal, s\u2019empoisonne avec des boissons sucr\u00e9es et des repas trop sal\u00e9s. L\u2019eau potable est rare dans maints endroits du pays et certains se voient contraints de stocker leur eau dans de dangereux r\u00e9cipients en plastique de r\u00e9cup\u00e9ration comme l\u2019a montr\u00e9 une \u00e9mission de t\u00e9l\u00e9 le 26 octobre 2019 ; d\u2019autres, plus fortun\u00e9s, se ruent sur l\u2019eau en bouteilles en plastique qui polluent le pays du nord au sud et d\u2019est en ouest, faisant de la Tunisie le 13<sup>\u00e8me<\/sup> contributeur de plastique \u00e0 la mer M\u00e9diterran\u00e9e sur les 22 pays riverains de la Mare Nostrum.<\/p>\n<h2>Pollution visible<\/h2>\n<p>Depuis bien longtemps, le gouvernement parle d\u2019interdire les sacs en plastique \u00e0 usage unique. Mais cette interdiction ne s\u2019est jamais concr\u00e9tis\u00e9e sur le terrain. Actuellement, quand on entre chez un commer\u00e7ant en fruits et l\u00e9gumes par exemple, on vous tend spontan\u00e9ment ce type de sac ! Ces sacs omnipr\u00e9sents enlaidissent tous les paysages du pays : des oliveraies du Chaal aux conif\u00e8res des for\u00eats de Ain Draham. Pour ne rien dire de leurs effets mortels sur la biodiversit\u00e9 et m\u00eame sur le b\u00e9tail. Ou de leurs effets quand ils s\u2019accumulent dans les r\u00e9seaux d\u2019eau us\u00e9e et les canalisations pour les boucher herm\u00e9tiquement. Comment alors s\u2019\u00e9tonner des inondations catastrophiques de l\u2019Ariana ou m\u00eame du centre de la capitale lundi 28 octobre 2019?\u00a0 La fatalit\u00e9 a bon dos mais le laisser-aller et la triche sur les sp\u00e9cifications lors de l\u2019ex\u00e9cution des travaux publics jouent un grand r\u00f4le dans ces drames r\u00e9currents de Nabeul \u00e0 Bizerte et du Kram \u00e0 l\u2019Ariana et \u00e0 Raou\u00e8d.<\/p>\n<p>La permanence de ces sacs en plastique dans notre environnement prouve la puissance et la force de certains lobbys qui n\u2019ont pour horizon que le gain imm\u00e9diat, les yeux riv\u00e9s sur le cours de la Bourse. Pourtant, les urgences des Tunisiens ne sont pas celles des \u00ab investisseurs \u00bb et des \u00ab march\u00e9s \u00bb.<\/p>\n<p>Le n\u00e9olib\u00e9ralisme finira-t-il par avoir la peau de cette Terre ? La question \u00e9cologique rejoint ici la question d\u00e9mocratique.<\/p>\n<p>Autre constat : Les transports publics en Tunisie ne satisfont personne (la ligne E du RFR prend du retard apparemment) et la circulation automobile est d\u00e9mente : la pollution par les particules fines, les oxydes d\u2019azote et l\u2019ozone est l\u2019ogre invisible dont le souffle se loge dans les poumons des enfants (qui respirent plus que les adultes), ensuite dans ceux des adultes. Au niveau mondial, la pollution de l\u2019air fait trois millions de morts dont deux tiers d\u2019enfants de moins de cinq ans victimes d\u2019infections respiratoires. (Le Monde 17 ao\u00fbt 2007, p. 6).<\/p>\n<p>En Tunisie, la politique du transport de l\u2019Etat est illisible. Il construit des autoroutes et des ponts-\u00e9changeurs et le Premier Ministre annonce l\u2019arriv\u00e9e de voitures populaires (polluantes ?) mais le chemin de fer est n\u00e9glig\u00e9 voire abandonn\u00e9 et le transport en commun par bus est d\u00e9ficient et souvent tr\u00e8s polluant car\u00a0 \u00e0 moteur thermique di\u00e9sel et mal entretenu.\u00a0\u00a0\u00a0\u00a0 Pourquoi ne pas cr\u00e9er dans nos grandes villes des zones \u00e0 faibles \u00e9missions avec acc\u00e8s r\u00e9serv\u00e9 aux v\u00e9hicules les moins polluants et pourquoi ne pas multiplier les espaces pi\u00e9tonniers ?<\/p>\n<p>Bien s\u00fbr, la Tunisie est un petit pays \u00e0 moyens limit\u00e9s mais il faut regarder ce qui se passe ailleurs pour diminuer la pollution et le recours aux \u00e9nergies fossiles, atteindre la neutralit\u00e9 carbone tout en am\u00e9liorant le quotidien des gens. Ainsi, en France, le plan Mobilit\u00e9 pr\u00e9sent\u00e9 en juillet 2017 par le gouvernement pr\u00e9voit le versement d\u2019une prime de mobilit\u00e9 de 400 euros pour les salari\u00e9s se d\u00e9pla\u00e7ant \u00e0 v\u00e9lo ou en covoiturage.\u00a0\u00a0 La ville de Niort (pr\u00e8s de 60 000 habitants) en France a choisi de ne pas faire payer les usagers des transports publics.\u00a0\u00a0 Le JDD du 20 octobre 2019 \u00e9crit, p. 28, \u00e0 propos de cette gratuit\u00e9 : <em>\u00ab Souvent pr\u00e9sent\u00e9e comme une chim\u00e8re par ses d\u00e9tracteurs, la gratuit\u00e9 des transports en commun est bel et bien une r\u00e9alit\u00e9 dans plusieurs dizaines de villes en France et sur le continent\u2026 Certaines villes comme Niort et Dunkerque ont r\u00e9ussi \u00e0 mettre\u00a0 en place un r\u00e9seau complet en acc\u00e8s libre\u2026 Chez nos voisins luxembourgeois, la gratuit\u00e9 des transports en commun \u00e0 l\u2019\u00e9chelle nationale devrait arriver d\u00e8s l\u2019ann\u00e9e prochaine. Mais en Estonie, les bus sont d\u00e9j\u00e0 gratuits depuis 2018. \u00bb<\/em>\u00a0\u00a0\u00a0\u00a0\u00a0\u00a0\u00a0\u00a0<\/p>\n<h2>Cent maires fran\u00e7ais contre les pesticides<\/h2>\n<p>S\u2019il est encore hors de port\u00e9e de notre pays de d\u00e9cr\u00e9ter la gratuit\u00e9 des transports publics, il est, par contre, parfaitement possible &#8211; si volont\u00e9 politique il y a &#8211; de suivre la d\u00e9marche de M. Daniel Cueff, le maire de la commune bretonne de 602 habitants de Langou\u00ebt en France. Cet homme et sa commune ont fait la Une de l\u2019actualit\u00e9 en raison du vote le 11 mai dernier d\u2019un arr\u00eat\u00e9 interdisant aux agriculteurs d\u2019utiliser des pesticides \u00e0 moins de 150 m\u00e8tres des habitations. En application du principe de pr\u00e9caution et pour remplir son devoir de protection de ses administr\u00e9s, affirme ce courageux \u00e9dile. Du reste, depuis 20 ans, sous l\u2019impulsion du maire, la commune a multipli\u00e9 les r\u00e9alisations dans le domaine de l\u2019\u00e9cologie et de la transition \u00e9nerg\u00e9tique : abandon du d\u00e9sherbage chimique en 1999, \u00e9cole HQE (\u00ab Haute Qualit\u00e9 Environnementale \u00bb) en 2003, cantine scolaire servant aux \u00e9coliers des repas 100% bio depuis 2004, centrale solaire, voitures \u00e9lectriques partag\u00e9es, jardin de formation en permaculture visant l\u2019ind\u00e9pendance alimentaire. R\u00e9sultats : la commune est aujourd\u2019hui quasiment autonome sur le plan \u00e9nerg\u00e9tique et ne consomme plus que tr\u00e8s peu d\u2019\u00e9nergie fossile gr\u00e2ce \u00e0 sa fili\u00e8re bois-\u00e9nergie.<\/p>\n<p>Mais comme le pr\u00e9fet a suspendu son arr\u00eat\u00e9 anti-pesticides, le maire de Langou\u00ebt s\u2019est adress\u00e9 au tribunal administratif affirmant \u00eatre parfaitement en accord avec la Constitution (principe de pr\u00e9caution). Quoiqu\u2019il en soit, ce maire a suscit\u00e9 un large mouvement anti-pesticides dans le pays avec plus d\u2019une centaine de ses coll\u00e8gues qui lui ont embo\u00eet\u00e9 le pas <em>\u00ab pour prot\u00e9ger les populations, alerter et faire avancer la loi, dans la foul\u00e9e de l\u2019arr\u00eat\u00e9 pris en Bretagne par le maire de Langou\u00ebt, Daniel Cueff \u00bb<\/em> affirme Patrice Leclerc, maire de Gennevilliers dans la r\u00e9gion parisienne &#8211; commune \u00e0 z\u00e9ro pesticide depuis 2008 pour ce qui rel\u00e8ve de la municipalit\u00e9 &#8211; qui ajoute : \u00ab Il y a avec les pesticides un v\u00e9ritable danger et une carence patente de l\u2019Etat. \u00bb (L\u2019Humanit\u00e9, 29 octobre 2019, p. 7). Ces maires visent \u00e0 faire bouger la l\u00e9gislation sur les pesticides et pour prot\u00e9ger la population. Ils visent \u00e9galement \u00e0 ce que l\u2019Etat accorde des aides et des moyens aux agriculteurs pour leur permettre d\u2019effectuer une transition vers l\u2019agriculture biologique et de rompre avec les produits agrotoxiques.<\/p>\n<p>Cette position des maires fran\u00e7ais hostiles \u00e0 l\u2019\u00e9pandage pr\u00e8s des habitations devrait inspirer les autorit\u00e9s et les \u00e9lus de notre pays o\u00f9 un ministre de l\u2019Environnement osait pr\u00e9coniser en juillet 2018 l\u2019\u00e9pandage de pesticides par avion, polluant ainsi \u00e9coles, h\u00f4pitaux, femmes enceintes, vieillards et nourrissons !<\/p>\n<p>Les d\u00e9bats qui ont lieu actuellement sur les dangers du glyphosate \u2013 un produit canc\u00e9rig\u00e8ne probable- laissent de marbre notre ministre de l\u2019Agriculture. Plusieurs pr\u00e9sentations de ce toxique sont vendues dans notre pays ainsi que bien d\u2019autres pesticides dangereux interdits ailleurs comme le paraquat. La dangerosit\u00e9 du glyphosate mobilise l\u2019Union Europ\u00e9enne, le Pr\u00e9sident Macron et les d\u00e9fenseurs de l\u2019environnement dans le monde. Chez nous, calme plat avenue Alain Savary : le glyphosate ? Quel glyphosate ?<\/p>\n<p>Les multinationales de la chimie comme Monsanto inondent les pays du Sud de pesticides toxiques car ailleurs, leurs lobbys enregistrent des d\u00e9faites. Ainsi, en mars 2019, la Cour de Justice de l\u2019Union europ\u00e9enne a annul\u00e9 \u00ab les d\u00e9cisions de l\u2019EFSA<span class=\"c2\"><sup><strong>*<\/strong><\/sup><\/span> refusant l\u2019acc\u00e8s aux \u00e9tudes de toxicit\u00e9 et de canc\u00e9rog\u00e9nicit\u00e9 de la substance active glyphosate \u00bb. <em>Cet arr\u00eat constitue une inversion de la tendance g\u00e9n\u00e9rale \u00e0 faire primer les int\u00e9r\u00eats commerciaux et financiers sur le droit \u00e0 l\u2019information, l\u2019\u00e9valuation strictement scientifique et l\u2019int\u00e9r\u00eat g\u00e9n\u00e9ral.<\/em><\/p>\n<p>De son c\u00f4t\u00e9, le Parlement europ\u00e9en a adopt\u00e9 en avril 2019 la l\u00e9gislation alimentaire g\u00e9n\u00e9rale r\u00e9vis\u00e9e (LAG). Suite \u00e0 l&rsquo;Initiative Citoyenne Europ\u00e9enne \u00ab Stop Glyphosate\u00bb sign\u00e9e par pr\u00e8s de 1 400 000 Europ\u00e9ens, la Commission europ\u00e9enne a propos\u00e9 la r\u00e9vision de cette l\u00e9gislation encadrant les l\u00e9gislations europ\u00e9ennes sp\u00e9cifiques en mati\u00e8re de denr\u00e9es alimentaires , y compris celles relatives aux pesticides, OGM, additifs alimentaires et nouveaux aliments.<\/p>\n<p>Quand se d\u00e9cidera-t-on \u00e0 faire la lumi\u00e8re sur la liste des pesticides utilis\u00e9s par nos agriculteurs ? Il y a l\u00e0 une importante mati\u00e8re \u00e0 d\u00e9bat, aussi importante que l\u2019attribution de tel ou tel minist\u00e8re \u00e0 M. X ou \u00e0 Mme Y !<\/p>\n<p>Quel maire chez nous prendra exemple sur le Breton Daniel Cueff pour prot\u00e9ger ses administr\u00e9s des pesticides toxiques et encouragera l\u2019agriculture durable et biologique?<br \/>Au cri d\u00e9sabus\u00e9 de Coline Serreau <em>\u00ab On est empoisonn\u00e9s et tout le monde s\u2019en fout \u00bb, les Tunisiens devraient r\u00e9pondre : \u00ab On veille au grain ! \u00bb<\/em><\/p>\n<p class=\"c3\"><strong>Mohamed Larbi Bouguerra<\/strong><\/p>\n<p><span class=\"c4\"><em>*Autorit\u00e9 Europ\u00e9enne de S\u00e9curit\u00e9 des Aliments<\/em><\/span><\/p>\n<p>Auteur:<br \/>\n<a href=\"https:\/\/www.leaders.com.tn\/article\/28298-mohamed-larbi-bouguerra-on-est-empoisonnes-et-tout-le-monde-s-en-fout\">Cliquez ici pour lire l&rsquo;article depuis sa source.<\/a><\/p>\n","protected":false},"excerpt":{"rendered":"<p>J\u2019emprunte cette expression \u00e0 la belle interview de la grande cin\u00e9aste Coline Serreau &#8211; une femme remarquable &#8211; parue dans le Monde du 20-21 octobre 2019 (p.27).Il me para\u00eet \u00e9vident que cette constatation s\u2018applique parfaitement aux responsables de\u00a0 notre pays apr\u00e8s le marathon des \u00e9lections.\u00ab Et pendant ce temps, notre maison br\u00fble \u00bb. Ailleurs, \u00ab [&hellip;]<\/p>\n","protected":false},"author":1772,"featured_media":66046,"comment_status":"closed","ping_status":"closed","sticky":false,"template":"","format":"standard","meta":{"fifu_image_url":"","fifu_image_alt":"","footnotes":""},"categories":[73,55],"tags":[],"class_list":["post-66045","post","type-post","status-publish","format-standard","has-post-thumbnail","hentry","category-actualite","category-tunisie"],"_links":{"self":[{"href":"https:\/\/linitiative.ca\/International\/wp-json\/wp\/v2\/posts\/66045","targetHints":{"allow":["GET"]}}],"collection":[{"href":"https:\/\/linitiative.ca\/International\/wp-json\/wp\/v2\/posts"}],"about":[{"href":"https:\/\/linitiative.ca\/International\/wp-json\/wp\/v2\/types\/post"}],"author":[{"embeddable":true,"href":"https:\/\/linitiative.ca\/International\/wp-json\/wp\/v2\/users\/1772"}],"replies":[{"embeddable":true,"href":"https:\/\/linitiative.ca\/International\/wp-json\/wp\/v2\/comments?post=66045"}],"version-history":[{"count":0,"href":"https:\/\/linitiative.ca\/International\/wp-json\/wp\/v2\/posts\/66045\/revisions"}],"wp:featuredmedia":[{"embeddable":true,"href":"https:\/\/linitiative.ca\/International\/wp-json\/"}],"wp:attachment":[{"href":"https:\/\/linitiative.ca\/International\/wp-json\/wp\/v2\/media?parent=66045"}],"wp:term":[{"taxonomy":"category","embeddable":true,"href":"https:\/\/linitiative.ca\/International\/wp-json\/wp\/v2\/categories?post=66045"},{"taxonomy":"post_tag","embeddable":true,"href":"https:\/\/linitiative.ca\/International\/wp-json\/wp\/v2\/tags?post=66045"}],"curies":[{"name":"wp","href":"https:\/\/api.w.org\/{rel}","templated":true}]}}