{"id":66053,"date":"2019-10-30T10:05:09","date_gmt":"2019-10-30T14:05:09","guid":{"rendered":"https:\/\/linitiative.ca\/International\/tpme-nouveau-dispositif-daccompagnement\/"},"modified":"2019-10-30T10:05:09","modified_gmt":"2019-10-30T14:05:09","slug":"tpme-nouveau-dispositif-daccompagnement","status":"publish","type":"post","link":"https:\/\/linitiative.ca\/International\/tpme-nouveau-dispositif-daccompagnement\/","title":{"rendered":"TPME : nouveau dispositif d\u2019accompagnement"},"content":{"rendered":"<p><strong>Le dispositif assure une ad\u00e9quation entre les besoins en comp\u00e9tences et la qualification des profils et garantit ainsi une meilleure insertion des jeunes dans la vie active et une comp\u00e9titivit\u00e9 durable des entreprises.<\/strong><\/p>\n<div class=\"c10\"\/>\n<p>Bonne nouvelle pour les Tr\u00e8s petites, Petites et Moyennes Entreprises (TPME). Le dispositif \u00ab\u00a0<strong>Cap comp\u00e9tences acc\u00e9l\u00e9ration industrielle<\/strong>\u00a0\u00bb visant la promotion de la formation et de l\u2019insertion professionnelles a \u00e9t\u00e9 lanc\u00e9 mercredi \u00e0 Casablanca, \u00e0 l\u2019initiative du minist\u00e8re de l\u2019Industrie, du Commerce, de l\u2019\u00c9conomie verte et num\u00e9rique.<\/p>\n<p>Ce dispositif a pour objectif d\u2019offrir aux <strong>TPME<\/strong> un accompagnement individualis\u00e9 pour r\u00e9pondre \u00e0 leurs besoins en comp\u00e9tences qualifi\u00e9es. Cet accompagnement passe par la d\u00e9finition de leurs besoins en comp\u00e9tences et l\u2019\u00e9laboration des descriptifs des postes \u00e0 pourvoir, puis le sourcing, testing et qualification des candidats \u00e0 travers des sessions de formation adapt\u00e9es. Le dispositif pr\u00e9voit \u00e9galement l\u2019insertion et le suivi des candidats durant la p\u00e9riode d\u2019int\u00e9gration.<\/p>\n<p>Lire aussi : <a href=\"https:\/\/www.challenge.ma\/ccg-nouvelle-offre-produits-en-faveur-des-tpme-105112\/\" target=\"_blank\" rel=\"noreferrer noopener\" aria-label=\"CCG : nouvelle offre-produits en faveur des TPME (s\u2019ouvre dans un nouvel onglet)\">CCG : nouvelle offre-produits en faveur des TPME<\/a><\/p>\n<p>Pour ce faire, l\u2019Office de la formation professionnelle et de la promotion du travail (OFPPT) assure au sein de ce dispositif l\u2019\u00e9laboration d\u2019un cursus de formation appropri\u00e9. \u00ab Notre r\u00f4le consistera en la mise en place de l\u2019ing\u00e9nierie de formation et le d\u00e9ploiement des programmes permettant de combler le gap dans les comp\u00e9tences m\u00e9tiers notamment dans les secteurs de l\u2019automobile, de l\u2019a\u00e9ronautique, de l\u2019agroalimentaire et du g\u00e9nie m\u00e9canique \u00bb, a soulign\u00e9 Loubna Tricha, directrice g\u00e9n\u00e9rale de l\u2019Office.<\/p>\n<p>\u00ab\u00a0Cap comp\u00e9tences acc\u00e9l\u00e9ration industrielle\u00a0\u00bb sera activ\u00e9 \u00e0 travers une op\u00e9ration pilote dans la r\u00e9gion de Casablanca-Settat au profit des entreprises b\u00e9n\u00e9ficiaires d\u2019un appui de l\u2019Agence Maroc PME. Il est mis en \u0153uvre en partenariat avec l\u2019Agence nationale de promotion de l\u2019emploi et des comp\u00e9tences (ANAPEC) et l\u2019OFPPT.<\/p>\n<div class=\"c17\">\n<fieldset class=\"c16\">\n<legend><strong><span class=\"c11\">Challenge<\/span><span class=\"c12\">news<\/span><\/strong><\/legend>\n<div class=\"c15\">Le meilleur de la r\u00e9daction s\u00e9lectionn\u00e9 par Challenge :<\/p>\n<\/div>\n<\/fieldset>\n<\/div>\n<p>Auteur: Karim Handaoui<br \/>\n<a href=\"https:\/\/www.challenge.ma\/tpme-nouveau-dispositif-daccompagnement-121799\/\">Cliquez ici pour lire l&rsquo;article depuis sa source.<\/a><\/p>\n","protected":false},"excerpt":{"rendered":"<p>Le dispositif assure une ad\u00e9quation entre les besoins en comp\u00e9tences et la qualification des profils et garantit ainsi une meilleure insertion des jeunes dans la vie active et une comp\u00e9titivit\u00e9 durable des entreprises. Bonne nouvelle pour les Tr\u00e8s petites, Petites et Moyennes Entreprises (TPME). Le dispositif \u00ab\u00a0Cap comp\u00e9tences acc\u00e9l\u00e9ration industrielle\u00a0\u00bb visant la promotion de la [&hellip;]<\/p>\n","protected":false},"author":1787,"featured_media":0,"comment_status":"closed","ping_status":"closed","sticky":false,"template":"","format":"standard","meta":{"fifu_image_url":"","fifu_image_alt":"","footnotes":""},"categories":[78,54],"tags":[],"class_list":["post-66053","post","type-post","status-publish","format-standard","hentry","category-economie","category-maroc"],"_links":{"self":[{"href":"https:\/\/linitiative.ca\/International\/wp-json\/wp\/v2\/posts\/66053","targetHints":{"allow":["GET"]}}],"collection":[{"href":"https:\/\/linitiative.ca\/International\/wp-json\/wp\/v2\/posts"}],"about":[{"href":"https:\/\/linitiative.ca\/International\/wp-json\/wp\/v2\/types\/post"}],"author":[{"embeddable":true,"href":"https:\/\/linitiative.ca\/International\/wp-json\/wp\/v2\/users\/1787"}],"replies":[{"embeddable":true,"href":"https:\/\/linitiative.ca\/International\/wp-json\/wp\/v2\/comments?post=66053"}],"version-history":[{"count":0,"href":"https:\/\/linitiative.ca\/International\/wp-json\/wp\/v2\/posts\/66053\/revisions"}],"wp:attachment":[{"href":"https:\/\/linitiative.ca\/International\/wp-json\/wp\/v2\/media?parent=66053"}],"wp:term":[{"taxonomy":"category","embeddable":true,"href":"https:\/\/linitiative.ca\/International\/wp-json\/wp\/v2\/categories?post=66053"},{"taxonomy":"post_tag","embeddable":true,"href":"https:\/\/linitiative.ca\/International\/wp-json\/wp\/v2\/tags?post=66053"}],"curies":[{"name":"wp","href":"https:\/\/api.w.org\/{rel}","templated":true}]}}