{"id":66058,"date":"2019-10-30T16:02:07","date_gmt":"2019-10-30T20:02:07","guid":{"rendered":"https:\/\/linitiative.ca\/International\/sahara-le-mandat-de-la-minurso-renouvele\/"},"modified":"2019-10-30T16:02:07","modified_gmt":"2019-10-30T20:02:07","slug":"sahara-le-mandat-de-la-minurso-renouvele","status":"publish","type":"post","link":"https:\/\/linitiative.ca\/International\/sahara-le-mandat-de-la-minurso-renouvele\/","title":{"rendered":"Sahara : le mandat de la MINURSO renouvel\u00e9"},"content":{"rendered":"<p><strong>La r\u00e9solution du Conseil de s\u00e9curit\u00e9 de l\u2019ONU a de nouveau consacr\u00e9 la pr\u00e9\u00e9minence de l\u2019initiative d\u2019autonomie du Maroc.<\/strong><\/p>\n<div class=\"c10\"\/>\n<p>Le Conseil de s\u00e9curit\u00e9 des Nations unies a d\u00e9cid\u00e9, mercredi \u00e0 une \u00e9crasante majorit\u00e9, de proroger pour une ann\u00e9e le mandat de la <strong>MINURSO<\/strong> jusqu\u2019au 31 octobre 2020.<\/p>\n<p>Dans le texte de la r\u00e9solution 2494 pr\u00e9sent\u00e9e par les Etats-Unis, l\u2019instance ex\u00e9cutive des Nations unies a consacr\u00e9, encore une fois, la pr\u00e9\u00e9minence de l\u2019initiative d\u2019autonomie pr\u00e9sent\u00e9e par le royaume le 11 avril 2007, en se f\u00e9licitant des efforts \u00ab\u00a0s\u00e9rieux et cr\u00e9dibles\u00a0\u00bb du <strong>Maroc<\/strong>. De m\u00eame, la r\u00e9solution d\u00e9signe, \u00e0 nouveau, l\u2019Alg\u00e9rie en tant que partie principale au processus politique sur le Sahara, tout en soulignant la n\u00e9cessit\u00e9 de \u00ab\u00a0parvenir \u00e0 une solution politique r\u00e9aliste, pragmatique et durable\u00a0\u00bb \u00e0 la question du Sahara \u00ab\u00a0qui repose sur le compromis\u00a0\u00bb.<\/p>\n<p>Lire aussi : <a href=\"https:\/\/www.challenge.ma\/amar-saadani-ancien-sg-du-fln-le-sahara-est-marocain-120481\/\" target=\"_blank\" rel=\"noreferrer noopener\" aria-label=\" (s\u2019ouvre dans un nouvel onglet)\">Amar Sa\u00e2dani, ancien SG du FLN : \u00ab\u00a0Le Sahara est marocain\u00a0\u00bb<\/a><\/p>\n<p>Le <strong>Conseil de s\u00e9curit\u00e9<\/strong> encourage \u00e9galement \u00ab\u00a0la reprise des concertations entre le prochain envoy\u00e9 personnel\u00a0\u00bb du secr\u00e9taire g\u00e9n\u00e9ral de l\u2019ONU pour le Sahara et les parties prenantes \u00e0 ce diff\u00e9rend r\u00e9gional, \u00e0 savoir le Maroc, l\u2019Alg\u00e9rie, la Mauritanie et le polisario. Dans ce sens, l\u2019instance ex\u00e9cutive de l\u2019ONU souligne que les parties prenantes doivent s\u2019engager \u00e0 nouveau \u00e0 faire avancer le processus politique sous les auspices du secr\u00e9taire g\u00e9n\u00e9ral de l\u2019<strong>ONU<\/strong>, tout en affirmant qu\u2019il est \u00ab\u00a0indispensable que les parties fassent preuve de r\u00e9alisme et d\u2019un esprit de compromis pour aller de l\u2019avant\u00a0\u00bb.<\/p>\n<p>Enfin, le Conseil de s\u00e9curit\u00e9 des Nations unies a r\u00e9it\u00e9r\u00e9 sa \u00ab\u00a0pr\u00e9occupation\u00a0\u00bb des violations par le polisario des accords militaires au <strong>Sahara<\/strong>, tout en sommant le mouvement s\u00e9paratiste de respecter ses \u00ab\u00a0engagements\u00a0\u00bb pris \u00e0 cet \u00e9gard aupr\u00e8s de l\u2019ancien envoy\u00e9 personnel du secr\u00e9taire g\u00e9n\u00e9ral de l\u2019ONU, Horst K\u00f6hler.<\/p>\n<div class=\"c17\">\n<fieldset class=\"c16\">\n<legend><strong><span class=\"c11\">Challenge<\/span><span class=\"c12\">news<\/span><\/strong><\/legend>\n<div class=\"c15\">Le meilleur de la r\u00e9daction s\u00e9lectionn\u00e9 par Challenge :<\/p>\n<\/div>\n<\/fieldset>\n<\/div>\n<p>Auteur: challenge<br \/>\n<a href=\"https:\/\/www.challenge.ma\/sahara-le-mandat-de-la-minurso-renouvele-121846\/\">Cliquez ici pour lire l&rsquo;article depuis sa source.<\/a><\/p>\n","protected":false},"excerpt":{"rendered":"<p>La r\u00e9solution du Conseil de s\u00e9curit\u00e9 de l\u2019ONU a de nouveau consacr\u00e9 la pr\u00e9\u00e9minence de l\u2019initiative d\u2019autonomie du Maroc. Le Conseil de s\u00e9curit\u00e9 des Nations unies a d\u00e9cid\u00e9, mercredi \u00e0 une \u00e9crasante majorit\u00e9, de proroger pour une ann\u00e9e le mandat de la MINURSO jusqu\u2019au 31 octobre 2020. Dans le texte de la r\u00e9solution 2494 pr\u00e9sent\u00e9e [&hellip;]<\/p>\n","protected":false},"author":1787,"featured_media":0,"comment_status":"closed","ping_status":"closed","sticky":false,"template":"","format":"standard","meta":{"fifu_image_url":"","fifu_image_alt":"","footnotes":""},"categories":[78,54],"tags":[],"class_list":["post-66058","post","type-post","status-publish","format-standard","hentry","category-economie","category-maroc"],"_links":{"self":[{"href":"https:\/\/linitiative.ca\/International\/wp-json\/wp\/v2\/posts\/66058","targetHints":{"allow":["GET"]}}],"collection":[{"href":"https:\/\/linitiative.ca\/International\/wp-json\/wp\/v2\/posts"}],"about":[{"href":"https:\/\/linitiative.ca\/International\/wp-json\/wp\/v2\/types\/post"}],"author":[{"embeddable":true,"href":"https:\/\/linitiative.ca\/International\/wp-json\/wp\/v2\/users\/1787"}],"replies":[{"embeddable":true,"href":"https:\/\/linitiative.ca\/International\/wp-json\/wp\/v2\/comments?post=66058"}],"version-history":[{"count":0,"href":"https:\/\/linitiative.ca\/International\/wp-json\/wp\/v2\/posts\/66058\/revisions"}],"wp:attachment":[{"href":"https:\/\/linitiative.ca\/International\/wp-json\/wp\/v2\/media?parent=66058"}],"wp:term":[{"taxonomy":"category","embeddable":true,"href":"https:\/\/linitiative.ca\/International\/wp-json\/wp\/v2\/categories?post=66058"},{"taxonomy":"post_tag","embeddable":true,"href":"https:\/\/linitiative.ca\/International\/wp-json\/wp\/v2\/tags?post=66058"}],"curies":[{"name":"wp","href":"https:\/\/api.w.org\/{rel}","templated":true}]}}