{"id":66067,"date":"2019-10-30T15:48:00","date_gmt":"2019-10-30T19:48:00","guid":{"rendered":"https:\/\/linitiative.ca\/International\/tunisie-la-formation-du-cabinet-de-kais-saied-commence-a-selaborer\/"},"modified":"2019-10-30T15:48:00","modified_gmt":"2019-10-30T19:48:00","slug":"tunisie-la-formation-du-cabinet-de-kais-saied-commence-a-selaborer","status":"publish","type":"post","link":"https:\/\/linitiative.ca\/International\/tunisie-la-formation-du-cabinet-de-kais-saied-commence-a-selaborer\/","title":{"rendered":"Tunisie \u2013 La formation du cabinet de Ka\u00efs Sa\u00efed commence \u00e0 s\u2019\u00e9laborer"},"content":{"rendered":"<div class=\"post-cont-in left relative\">\n<div class=\"swp_social_panel swp_horizontal_panel swp_flat_fresh swp_default_full_color swp_individual_full_color swp_other_full_color scale-100 scale-\" data-min-width=\"1100\" data-float-color=\"#ffffff\" data-float=\"none\" data-float-mobile=\"none\" data-transition=\"slide\">\n<div class=\"nc_tweetContainer swp_share_button total_shares total_sharesalt\"><span class=\"swp_count\">11 <span class=\"swp_label\">Partages<\/span><\/span><\/div>\n<\/div>\n<p>Le pr\u00e9sident Ka\u00efs Sa\u00efed a commenc\u00e9 \u00e0 former\u00a0le cercle de collaborateurs rapproch\u00e9s, qui feront partie de son cabinet.<\/p>\n<div class=\"code-block code-block-1 c3\"><ins class=\"adsbygoogle c2\" data-ad-layout=\"in-article\" data-ad-format=\"fluid\" data-ad-client=\"ca-pub-2102118777505746\" data-ad-slot=\"7301775417\"\/> <\/div>\n<p>C\u2019est ainsi que nous avons appris que la pr\u00e9sidence de la R\u00e9publique a annonc\u00e9 la nomination de\u00a0:<\/p>\n<div class=\"code-block code-block-2 c3\"><ins class=\"adsbygoogle c2\" data-ad-layout=\"in-article\" data-ad-format=\"fluid\" data-ad-client=\"ca-pub-2102118777505746\" data-ad-slot=\"7301775417\"\/> <\/div>\n<p><strong>Tarek Betta\u00efeb<\/strong>, ancien ambassadeur, au poste de directeur du cabinet pr\u00e9sidentiel.<\/p>\n<p><strong>Le g\u00e9n\u00e9ral Mohamed Salah Hamdi<\/strong>, ancien chef d\u2019Etat major de l\u2019arm\u00e9e de terre, conseiller \u00e0 la s\u00e9curit\u00e9 nationale.<\/p>\n<p><strong>Rachida Ennaifer<\/strong>\u00a0: Universitaire et pr\u00e9sidente de l\u2019association des journalistes tunisiens, charg\u00e9e de la communication.<\/p>\n<p><strong>Nadia Akacha<\/strong>\u00a0: Conseill\u00e8re juridique.<\/p>\n<p><strong>Tarek Hannachi<\/strong>, diplomate de carri\u00e8re, charg\u00e9 du protocole.<\/p>\n<p><strong>Que se passe-t-il en Tunisie?<\/strong><br \/>Nous expliquons sur notre <a href=\"https:\/\/www.youtube.com\/channel\/UCRzypVq0B_yBad5eGrwBx0Q?sub_confirmation=1\" target=\"_blank\" rel=\"noopener noreferrer\">cha\u00eene YouTube<\/a> . <a href=\"https:\/\/www.youtube.com\/channel\/UCRzypVq0B_yBad5eGrwBx0Q?sub_confirmation=1\" target=\"_blank\" rel=\"noopener noreferrer\">Abonnez-vous!<\/a><\/p>\n<div class=\"mvp-org-wrap mvp-org-logo\" itemprop=\"publisher\" itemscope=\"\" itemtype=\"https:\/\/schema.org\/Organization\"><img decoding=\"async\" src=\"https:\/\/www.tunisienumerique.com\/wp-content\/uploads\/2017\/02\/logo_tunisie_numerique.png\"\/><\/div>\n<div class=\"swp_social_panel swp_horizontal_panel swp_flat_fresh swp_default_full_color swp_individual_full_color swp_other_full_color scale-100 scale-\" data-min-width=\"1100\" data-float-color=\"#ffffff\" data-float=\"none\" data-float-mobile=\"none\" data-transition=\"slide\">\n<div class=\"nc_tweetContainer swp_share_button total_shares total_sharesalt\"><span class=\"swp_count\">11 <span class=\"swp_label\">Partages<\/span><\/span><\/div>\n<\/div>\n<div class=\"mvp-related-posts left relative\">\n<h4 class=\"post-header\"><span class=\"post-header\">Lire aussi<\/span><\/h4>\n<\/div>\n<\/div>\n<p>Auteur: LM<br \/>\n<a href=\"https:\/\/www.tunisienumerique.com\/tunisie-la-formation-du-cabinet-de-kais-saied-commence-a-selaborer\/\">Cliquez ici pour lire l&rsquo;article depuis sa source.<\/a><\/p>\n","protected":false},"excerpt":{"rendered":"<p>11 Partages Le pr\u00e9sident Ka\u00efs Sa\u00efed a commenc\u00e9 \u00e0 former\u00a0le cercle de collaborateurs rapproch\u00e9s, qui feront partie de son cabinet. C\u2019est ainsi que nous avons appris que la pr\u00e9sidence de la R\u00e9publique a annonc\u00e9 la nomination de\u00a0: Tarek Betta\u00efeb, ancien ambassadeur, au poste de directeur du cabinet pr\u00e9sidentiel. Le g\u00e9n\u00e9ral Mohamed Salah Hamdi, ancien chef [&hellip;]<\/p>\n","protected":false},"author":1789,"featured_media":66068,"comment_status":"closed","ping_status":"closed","sticky":false,"template":"","format":"standard","meta":{"fifu_image_url":"","fifu_image_alt":"","footnotes":""},"categories":[73,55],"tags":[],"class_list":["post-66067","post","type-post","status-publish","format-standard","has-post-thumbnail","hentry","category-actualite","category-tunisie"],"_links":{"self":[{"href":"https:\/\/linitiative.ca\/International\/wp-json\/wp\/v2\/posts\/66067","targetHints":{"allow":["GET"]}}],"collection":[{"href":"https:\/\/linitiative.ca\/International\/wp-json\/wp\/v2\/posts"}],"about":[{"href":"https:\/\/linitiative.ca\/International\/wp-json\/wp\/v2\/types\/post"}],"author":[{"embeddable":true,"href":"https:\/\/linitiative.ca\/International\/wp-json\/wp\/v2\/users\/1789"}],"replies":[{"embeddable":true,"href":"https:\/\/linitiative.ca\/International\/wp-json\/wp\/v2\/comments?post=66067"}],"version-history":[{"count":0,"href":"https:\/\/linitiative.ca\/International\/wp-json\/wp\/v2\/posts\/66067\/revisions"}],"wp:featuredmedia":[{"embeddable":true,"href":"https:\/\/linitiative.ca\/International\/wp-json\/"}],"wp:attachment":[{"href":"https:\/\/linitiative.ca\/International\/wp-json\/wp\/v2\/media?parent=66067"}],"wp:term":[{"taxonomy":"category","embeddable":true,"href":"https:\/\/linitiative.ca\/International\/wp-json\/wp\/v2\/categories?post=66067"},{"taxonomy":"post_tag","embeddable":true,"href":"https:\/\/linitiative.ca\/International\/wp-json\/wp\/v2\/tags?post=66067"}],"curies":[{"name":"wp","href":"https:\/\/api.w.org\/{rel}","templated":true}]}}