{"id":66071,"date":"2019-10-30T10:15:25","date_gmt":"2019-10-30T14:15:25","guid":{"rendered":"https:\/\/linitiative.ca\/International\/6e-etape-du-tour-du-faso-le-neerlandais-peter-merx-vainqueur-mugisha-toujours-en-jaune\/"},"modified":"2019-10-30T10:15:25","modified_gmt":"2019-10-30T14:15:25","slug":"6e-etape-du-tour-du-faso-le-neerlandais-peter-merx-vainqueur-mugisha-toujours-en-jaune","status":"publish","type":"post","link":"https:\/\/linitiative.ca\/International\/6e-etape-du-tour-du-faso-le-neerlandais-peter-merx-vainqueur-mugisha-toujours-en-jaune\/","title":{"rendered":"6e \u00e9tape du Tour du Faso\u00a0: Le N\u00e9erlandais Peter Merx \u00a0vainqueur, Mugisha toujours en jaune"},"content":{"rendered":"<div class=\"td-post-featured-image\"><a href=\"https:\/\/i1.wp.com\/www.sidwaya.info\/wp-content\/uploads\/2019\/10\/Peter.jpeg?fit=900%2C600&#038;ssl=1\" data-caption=\"\"><img loading=\"lazy\" decoding=\"async\" width=\"696\" height=\"464\" class=\"entry-thumb td-modal-image\" src=\"https:\/\/i1.wp.com\/www.sidwaya.info\/wp-content\/uploads\/2019\/10\/Peter.jpeg?resize=696%2C464&#038;ssl=1\" srcset=\"https:\/\/i1.wp.com\/www.sidwaya.info\/wp-content\/uploads\/2019\/10\/Peter.jpeg?w=900&#038;ssl=1 900w, https:\/\/i1.wp.com\/www.sidwaya.info\/wp-content\/uploads\/2019\/10\/Peter.jpeg?resize=300%2C200&#038;ssl=1 300w, https:\/\/i1.wp.com\/www.sidwaya.info\/wp-content\/uploads\/2019\/10\/Peter.jpeg?resize=768%2C512&#038;ssl=1 768w, https:\/\/i1.wp.com\/www.sidwaya.info\/wp-content\/uploads\/2019\/10\/Peter.jpeg?resize=696%2C464&#038;ssl=1 696w, https:\/\/i1.wp.com\/www.sidwaya.info\/wp-content\/uploads\/2019\/10\/Peter.jpeg?resize=630%2C420&#038;ssl=1 630w\" sizes=\"auto, (max-width: 696px) 100vw, 696px\" alt=\"\" title=\"Peter\"\/><\/a><\/div>\n<div class=\"td-a-rec td-a-rec-id-content_top td_uid_30_5dba044618a3c_rand td_block_template_1\"><img loading=\"lazy\" decoding=\"async\" class=\"aligncenter size-full wp-image-15640\" src=\"https:\/\/www.sidwaya.info\/wp-content\/uploads\/2019\/10\/pf-pub-1.jpeg\" alt=\"\" width=\"1080\" height=\"360\"\/><\/div>\n<p><strong>La 6<sup>e<\/sup> \u00a0\u00e9tape du Tour du Faso qui est all\u00e9e de la Place de la Nation \u00e0 Ouagadougou a \u00e9t\u00e9 remport\u00e9e \u00e0 Koudougou, au terme des 118,3 km, par le N\u00e9erlandais Peter Merx, le mercredi 30 octobre 2019.<\/strong><\/p>\n<p>A chaque \u00e9tape son vainqueur est-on tenter d\u2019affirmer\u00a0 pour cette 32<sup>e<\/sup> \u00a0\u00e9dition du Tour du Faso. La 6<sup>e<\/sup> \u00a0\u00e9tape entre Ouagadougou et Koudougou, ce mercredi 30 octobre a, en effet, enregistr\u00e9 un victorieux diff\u00e9rent en la personne du N\u00e9erlandais Peter Merx.<\/p>\n<p>C\u2019est en solitaire que le soci\u00e9taire de Global Cycling Team a franchi la ligne d\u2019arriv\u00e9e dans la cit\u00e9 du cavalier rouge, en 2h 28 secondes, soit une vitesse moyenne de 47,8 km\/h. Il est second\u00e9 quelques secondes plus tard par le Burkinab\u00e8 Abdoul Aziz Niki\u00e9ma. L\u2019Alg\u00e9rien Hamza Mansouri finit 3e.<\/p>\n<p>Le maillot jaune, \u00e0 l\u2019issue de cette \u00e9tape, reste toujours la propri\u00e9t\u00e9 du Rwandais Moise Mugisha. Il devance de 16 secondes le vainqueur de l\u2019\u00e9tape du jour, Peter Merx, au classement g\u00e9n\u00e9ral. Le Burkinab\u00e9 Bachirou Niki\u00e9ma est class\u00e9 4<sup>e<\/sup> \u00a0\u00e0 38 secondes du maillot jaune. Mugisha garde aussi la tunique du meilleur jeune.<\/p>\n<p>L\u2019Alg\u00e9rie reprend le maillot vert, arrach\u00e9 hier par les Burkinab\u00e8, gr\u00e2ce \u00e0 Mohamed Bouzidi. Celui des points chauds est bien jalousement gard\u00e9 par Bachirou Niki\u00e9ma. Aziz Niki\u00e9ma prend le blanc du premier des Burkinab\u00e8. Anton Benedix de l\u2019Allemagne est distingu\u00e9 pour sa combativit\u00e9. L\u2019\u00e9tape 7 sera courue demain entre D\u00e9dougou et Bobo-Dioulasso.<\/p>\n<p><strong>Voro KORAHIRE<\/strong><\/p>\n<div class=\"td-a-rec td-a-rec-id-content_bottom td_uid_31_5dba044618bf4_rand td_block_template_1\"><img loading=\"lazy\" decoding=\"async\" class=\"aligncenter size-full wp-image-9623\" src=\"https:\/\/www.sidwaya.info\/wp-content\/uploads\/2019\/06\/Projet-bannie%CC%80re-Orange-mobile.jpg\" alt=\"\" width=\"728\" height=\"81\"\/><\/div>\n<p>Auteur: Wamini SIDWAYA<br \/>\n<a href=\"https:\/\/www.sidwaya.info\/blog\/2019\/10\/30\/6e-etape-du-tour-du-faso-le-neerlandais-peter-merx-vainqueur-mugisha-toujours-en-jaune\/\">Cliquez ici pour lire l&rsquo;article depuis sa source.<\/a><\/p>\n","protected":false},"excerpt":{"rendered":"<p>La 6e \u00a0\u00e9tape du Tour du Faso qui est all\u00e9e de la Place de la Nation \u00e0 Ouagadougou a \u00e9t\u00e9 remport\u00e9e \u00e0 Koudougou, au terme des 118,3 km, par le N\u00e9erlandais Peter Merx, le mercredi 30 octobre 2019. A chaque \u00e9tape son vainqueur est-on tenter d\u2019affirmer\u00a0 pour cette 32e \u00a0\u00e9dition du Tour du Faso. La [&hellip;]<\/p>\n","protected":false},"author":1816,"featured_media":0,"comment_status":"closed","ping_status":"closed","sticky":false,"template":"","format":"standard","meta":{"fifu_image_url":"","fifu_image_alt":"","footnotes":""},"categories":[73,81],"tags":[],"class_list":["post-66071","post","type-post","status-publish","format-standard","hentry","category-actualite","category-burkina-faso"],"_links":{"self":[{"href":"https:\/\/linitiative.ca\/International\/wp-json\/wp\/v2\/posts\/66071","targetHints":{"allow":["GET"]}}],"collection":[{"href":"https:\/\/linitiative.ca\/International\/wp-json\/wp\/v2\/posts"}],"about":[{"href":"https:\/\/linitiative.ca\/International\/wp-json\/wp\/v2\/types\/post"}],"author":[{"embeddable":true,"href":"https:\/\/linitiative.ca\/International\/wp-json\/wp\/v2\/users\/1816"}],"replies":[{"embeddable":true,"href":"https:\/\/linitiative.ca\/International\/wp-json\/wp\/v2\/comments?post=66071"}],"version-history":[{"count":0,"href":"https:\/\/linitiative.ca\/International\/wp-json\/wp\/v2\/posts\/66071\/revisions"}],"wp:attachment":[{"href":"https:\/\/linitiative.ca\/International\/wp-json\/wp\/v2\/media?parent=66071"}],"wp:term":[{"taxonomy":"category","embeddable":true,"href":"https:\/\/linitiative.ca\/International\/wp-json\/wp\/v2\/categories?post=66071"},{"taxonomy":"post_tag","embeddable":true,"href":"https:\/\/linitiative.ca\/International\/wp-json\/wp\/v2\/tags?post=66071"}],"curies":[{"name":"wp","href":"https:\/\/api.w.org\/{rel}","templated":true}]}}