{"id":66073,"date":"2019-10-30T14:18:10","date_gmt":"2019-10-30T18:18:10","guid":{"rendered":"https:\/\/linitiative.ca\/International\/charles-koffi-diby-confirme-president-du-conseil-economique-et-social\/"},"modified":"2019-10-30T14:18:10","modified_gmt":"2019-10-30T18:18:10","slug":"charles-koffi-diby-confirme-president-du-conseil-economique-et-social","status":"publish","type":"post","link":"https:\/\/linitiative.ca\/International\/charles-koffi-diby-confirme-president-du-conseil-economique-et-social\/","title":{"rendered":"Charles Koffi Diby confirm\u00e9 pr\u00e9sident du Conseil \u00e9conomique et social"},"content":{"rendered":"<div readability=\"32\">\n<p>Publi\u00e9 le 30.10.2019 \u00e0 19h18 par APA News<\/p>\n<\/div>\n<div readability=\"49\">\n<p>Le gouvernement ivoirien a annonc\u00e9 mercredi \u00e0 Abidjan le renouvellement des membres du Conseil \u00e9conomique, social, environnemental et culturel dont le mandat est arriv\u00e9 \u00e0 terme, confirmant Charles Koffi Diby, le pr\u00e9sident sortant de cette institution \u00e0 son poste.\u00a0\u00ab Le Conseil a \u00e9t\u00e9 inform\u00e9 de la prise d\u2019un d\u00e9cret qui confirme M. Charles Koffi Diby en qualit\u00e9 de pr\u00e9sident du Conseil \u00e9conomique, social, environnemental et culturel et aussi le renouvellement des membres de cette institution dont le mandat est arriv\u00e9 \u00e0 terme \u00e0 fin octobre 2019\u00bb, a indiqu\u00e9 Sidi Ti\u00e9moko Tour\u00e9, le porte-parole du gouvernement ivoirien \u00e0 l\u2019issue d\u2019un conseil des ministres pr\u00e9sid\u00e9 par le pr\u00e9sident Alassane Ouattara au palais pr\u00e9sidentiel d\u2019Abidjan.<\/p>\n<p>Ancien ministre de l\u2019\u00e9conomie et des finances, Charles Koffi Diby dirige le Conseil \u00e9conomique, social, environnemental et culturel depuis juin 2016.<\/p>\n<\/div>\n<p>Auteur: APA News<br \/>\n<a href=\"https:\/\/www.journalducameroun.com\/charles-koffi-diby-confirme-president-du-conseil-economique-et-social\/\">Cliquez ici pour lire l&rsquo;article depuis sa source.<\/a><\/p>\n","protected":false},"excerpt":{"rendered":"<p>Publi\u00e9 le 30.10.2019 \u00e0 19h18 par APA News Le gouvernement ivoirien a annonc\u00e9 mercredi \u00e0 Abidjan le renouvellement des membres du Conseil \u00e9conomique, social, environnemental et culturel dont le mandat est arriv\u00e9 \u00e0 terme, confirmant Charles Koffi Diby, le pr\u00e9sident sortant de cette institution \u00e0 son poste.\u00a0\u00ab Le Conseil a \u00e9t\u00e9 inform\u00e9 de la prise [&hellip;]<\/p>\n","protected":false},"author":1965,"featured_media":0,"comment_status":"closed","ping_status":"closed","sticky":false,"template":"","format":"standard","meta":{"fifu_image_url":"","fifu_image_alt":"","footnotes":""},"categories":[73,82],"tags":[],"class_list":["post-66073","post","type-post","status-publish","format-standard","hentry","category-actualite","category-cameroun"],"_links":{"self":[{"href":"https:\/\/linitiative.ca\/International\/wp-json\/wp\/v2\/posts\/66073","targetHints":{"allow":["GET"]}}],"collection":[{"href":"https:\/\/linitiative.ca\/International\/wp-json\/wp\/v2\/posts"}],"about":[{"href":"https:\/\/linitiative.ca\/International\/wp-json\/wp\/v2\/types\/post"}],"author":[{"embeddable":true,"href":"https:\/\/linitiative.ca\/International\/wp-json\/wp\/v2\/users\/1965"}],"replies":[{"embeddable":true,"href":"https:\/\/linitiative.ca\/International\/wp-json\/wp\/v2\/comments?post=66073"}],"version-history":[{"count":0,"href":"https:\/\/linitiative.ca\/International\/wp-json\/wp\/v2\/posts\/66073\/revisions"}],"wp:attachment":[{"href":"https:\/\/linitiative.ca\/International\/wp-json\/wp\/v2\/media?parent=66073"}],"wp:term":[{"taxonomy":"category","embeddable":true,"href":"https:\/\/linitiative.ca\/International\/wp-json\/wp\/v2\/categories?post=66073"},{"taxonomy":"post_tag","embeddable":true,"href":"https:\/\/linitiative.ca\/International\/wp-json\/wp\/v2\/tags?post=66073"}],"curies":[{"name":"wp","href":"https:\/\/api.w.org\/{rel}","templated":true}]}}