{"id":66074,"date":"2019-10-30T14:18:11","date_gmt":"2019-10-30T18:18:11","guid":{"rendered":"https:\/\/linitiative.ca\/International\/les-generaux-nicolas-kouakou-et-sekou-toure-nommes-ambassadeurs-au-gabon-et-en-mauritanie\/"},"modified":"2019-10-30T14:18:11","modified_gmt":"2019-10-30T18:18:11","slug":"les-generaux-nicolas-kouakou-et-sekou-toure-nommes-ambassadeurs-au-gabon-et-en-mauritanie","status":"publish","type":"post","link":"https:\/\/linitiative.ca\/International\/les-generaux-nicolas-kouakou-et-sekou-toure-nommes-ambassadeurs-au-gabon-et-en-mauritanie\/","title":{"rendered":"Les G\u00e9n\u00e9raux Nicolas Kouakou et S\u00e9kou Tour\u00e9 nomm\u00e9s Ambassadeurs au Gabon et en Mauritanie"},"content":{"rendered":"<div readability=\"32\">\n<p>Publi\u00e9 le 30.10.2019 \u00e0 19h18 par APA News<\/p>\n<\/div>\n<div readability=\"54\">\n<p>L\u2019ancien Chef d\u2019Etat-major des forces arm\u00e9es de C\u00f4te d\u2019Ivoire, le G\u00e9n\u00e9ral de corps d\u2019arm\u00e9e Tour\u00e9 S\u00e9kou a \u00e9t\u00e9 nomm\u00e9 Ambassadeur extraordinaire et pl\u00e9nipotentiaire de la C\u00f4te d\u2019Ivoire pr\u00e8s la R\u00e9publique islamique de Mauritanie avec r\u00e9sidence \u00e0 Dakar, a annonc\u00e9 mercredi \u00e0 Abidjan, Sidi Ti\u00e9moko Tour\u00e9, le porte-parole du gouvernement ivoirien au terme d\u2019un Conseil des ministres pr\u00e9sid\u00e9 par le pr\u00e9sident Alassane Ouattara.Selon Sidi Ti\u00e9moko Tour\u00e9, \u00e9galement ministre de la Communication et des m\u00e9dias, le G\u00e9n\u00e9ral Tour\u00e9 S\u00e9kou cumule \u00e0 la fois \u00a0les fonctions d\u2019Ambassadeur de la C\u00f4te d\u2019Ivoire au S\u00e9n\u00e9gal et en Mauritanie. Au S\u00e9n\u00e9gal, il a succ\u00e9d\u00e9 \u00e0 son \u00ab fr\u00e8re d\u2019arme\u00bb, le G\u00e9n\u00e9ral Kassarat\u00e9 Tiap\u00e9 Edouard d\u00e9c\u00e9d\u00e9 en 2018.<\/p>\n<p>\u00ab Le Conseil a adopt\u00e9 un d\u00e9cret portant nomination du G\u00e9n\u00e9ral de Division Nicolas Kouakou Kouadio en qualit\u00e9 d\u2019Ambassadeur extraordinaire et pl\u00e9nipotentiaire de la R\u00e9publique de C\u00f4te d\u2019Ivoire pr\u00e8s la R\u00e9publique Gabonaise avec r\u00e9sidence \u00e0 Libreville \u00bb, a \u00e9galement fait savoir M. Tour\u00e9.<\/p>\n<p>Le G\u00e9n\u00e9ral de division Nicolas Kouakou qui est l\u2019ancien Commandant de la gendarmerie nationale remplace \u00e0 ce poste, \u00a0le g\u00e9n\u00e9ral Philippe Mangou nomm\u00e9 Ambassadeur de la C\u00f4te d\u2019Ivoire en Allemagne.<\/p>\n<\/div>\n<p>Auteur: APA News<br \/>\n<a href=\"https:\/\/www.journalducameroun.com\/les-generaux-nicolas-kouakou-et-sekou-toure-nommes-ambassadeurs-au-gabon-et-en-mauritanie\/\">Cliquez ici pour lire l&rsquo;article depuis sa source.<\/a><\/p>\n","protected":false},"excerpt":{"rendered":"<p>Publi\u00e9 le 30.10.2019 \u00e0 19h18 par APA News L\u2019ancien Chef d\u2019Etat-major des forces arm\u00e9es de C\u00f4te d\u2019Ivoire, le G\u00e9n\u00e9ral de corps d\u2019arm\u00e9e Tour\u00e9 S\u00e9kou a \u00e9t\u00e9 nomm\u00e9 Ambassadeur extraordinaire et pl\u00e9nipotentiaire de la C\u00f4te d\u2019Ivoire pr\u00e8s la R\u00e9publique islamique de Mauritanie avec r\u00e9sidence \u00e0 Dakar, a annonc\u00e9 mercredi \u00e0 Abidjan, Sidi Ti\u00e9moko Tour\u00e9, le porte-parole [&hellip;]<\/p>\n","protected":false},"author":1965,"featured_media":0,"comment_status":"closed","ping_status":"closed","sticky":false,"template":"","format":"standard","meta":{"fifu_image_url":"","fifu_image_alt":"","footnotes":""},"categories":[73,82],"tags":[],"class_list":["post-66074","post","type-post","status-publish","format-standard","hentry","category-actualite","category-cameroun"],"_links":{"self":[{"href":"https:\/\/linitiative.ca\/International\/wp-json\/wp\/v2\/posts\/66074","targetHints":{"allow":["GET"]}}],"collection":[{"href":"https:\/\/linitiative.ca\/International\/wp-json\/wp\/v2\/posts"}],"about":[{"href":"https:\/\/linitiative.ca\/International\/wp-json\/wp\/v2\/types\/post"}],"author":[{"embeddable":true,"href":"https:\/\/linitiative.ca\/International\/wp-json\/wp\/v2\/users\/1965"}],"replies":[{"embeddable":true,"href":"https:\/\/linitiative.ca\/International\/wp-json\/wp\/v2\/comments?post=66074"}],"version-history":[{"count":0,"href":"https:\/\/linitiative.ca\/International\/wp-json\/wp\/v2\/posts\/66074\/revisions"}],"wp:attachment":[{"href":"https:\/\/linitiative.ca\/International\/wp-json\/wp\/v2\/media?parent=66074"}],"wp:term":[{"taxonomy":"category","embeddable":true,"href":"https:\/\/linitiative.ca\/International\/wp-json\/wp\/v2\/categories?post=66074"},{"taxonomy":"post_tag","embeddable":true,"href":"https:\/\/linitiative.ca\/International\/wp-json\/wp\/v2\/tags?post=66074"}],"curies":[{"name":"wp","href":"https:\/\/api.w.org\/{rel}","templated":true}]}}