{"id":66076,"date":"2019-10-30T16:18:02","date_gmt":"2019-10-30T20:18:02","guid":{"rendered":"https:\/\/linitiative.ca\/International\/la-mauritanie-lance-un-projet-de-realisation-de-51-reseaux-hydrauliques\/"},"modified":"2019-10-30T16:18:02","modified_gmt":"2019-10-30T20:18:02","slug":"la-mauritanie-lance-un-projet-de-realisation-de-51-reseaux-hydrauliques","status":"publish","type":"post","link":"https:\/\/linitiative.ca\/International\/la-mauritanie-lance-un-projet-de-realisation-de-51-reseaux-hydrauliques\/","title":{"rendered":"La Mauritanie lance un projet de r\u00e9alisation de 51 r\u00e9seaux hydrauliques"},"content":{"rendered":"<div readability=\"32\">\n<p>Publi\u00e9 le 30.10.2019 \u00e0 21h18 par APA News<\/p>\n<\/div>\n<div readability=\"56\">\n<p>Un projet de r\u00e9alisation de 51 r\u00e9seaux d\u2019adduction d\u2019eau potable (AEP) au profit d\u2019une centaine de villages et de 157 latrines publiques dans l\u2019est mauritanien a \u00e9t\u00e9 lanc\u00e9, mercredi dans la ville de Nema (1.000 kilom\u00e8tres \u00e0 l\u2019est de Nouakchott), a appris APA d\u2019une source officielle.Financ\u00e9 \u00e0 hauteur de 12 millions d\u2019euros par l\u2019Agence fran\u00e7aise de d\u00e9veloppement (AFD), ce projet comprend \u00e9galement une composante d\u2019urgence relative \u00e0 la r\u00e9habilitation de 49 autres r\u00e9seaux d\u2019AEP.<\/p>\n<p>Il permettra notamment \u00e0 quelque 78.000 personnes de b\u00e9n\u00e9ficier de l\u2019eau potable et \u00e0 plus de 170.000 citoyens de profiter des prestations de l\u2019assainissement dans les milieux rural et semi-urbain dans les zones cibl\u00e9es, a d\u00e9clar\u00e9 la ministre mauritanienne de l\u2019Hydraulique et de l\u2019Assainissement, Naha Mint Mouknass.<\/p>\n<p>La ministre qui supervisait le lancement du projet a expliqu\u00e9 que celui-ci s\u2019inscrit dans le cadre du programme de d\u00e9veloppement d\u2019urgence et du programme d\u2019investissement prioritaire annonc\u00e9s lors de la conf\u00e9rence des pays su Sahel en d\u00e9cembre 2018 \u00e0 Nouakchott.<\/p>\n<p>Mint Mouknass a aussi rappel\u00e9 que son d\u00e9partement travaille sur la modernisation de la strat\u00e9gie nationale \u00e0 l\u2019horizon 2030 en vue de la r\u00e9alisation des objectif de d\u00e9veloppement durable \u00e0 travers l\u2019exploration de davantage de ressources hydrauliques, le contr\u00f4le et l\u2019exploitation des eaux de surface, l\u2019am\u00e9lioration de l\u2019action des institutions et le renforcement des capacit\u00e9s administratives. \u00a0\u00a0<\/p>\n<\/div>\n<p>Auteur: APA News<br \/>\n<a href=\"https:\/\/www.journalducameroun.com\/la-mauritanie-lance-un-projet-de-realisation-de-51-reseaux-hydrauliques\/\">Cliquez ici pour lire l&rsquo;article depuis sa source.<\/a><\/p>\n","protected":false},"excerpt":{"rendered":"<p>Publi\u00e9 le 30.10.2019 \u00e0 21h18 par APA News Un projet de r\u00e9alisation de 51 r\u00e9seaux d\u2019adduction d\u2019eau potable (AEP) au profit d\u2019une centaine de villages et de 157 latrines publiques dans l\u2019est mauritanien a \u00e9t\u00e9 lanc\u00e9, mercredi dans la ville de Nema (1.000 kilom\u00e8tres \u00e0 l\u2019est de Nouakchott), a appris APA d\u2019une source officielle.Financ\u00e9 \u00e0 [&hellip;]<\/p>\n","protected":false},"author":1965,"featured_media":0,"comment_status":"closed","ping_status":"closed","sticky":false,"template":"","format":"standard","meta":{"fifu_image_url":"","fifu_image_alt":"","footnotes":""},"categories":[73,82],"tags":[],"class_list":["post-66076","post","type-post","status-publish","format-standard","hentry","category-actualite","category-cameroun"],"_links":{"self":[{"href":"https:\/\/linitiative.ca\/International\/wp-json\/wp\/v2\/posts\/66076","targetHints":{"allow":["GET"]}}],"collection":[{"href":"https:\/\/linitiative.ca\/International\/wp-json\/wp\/v2\/posts"}],"about":[{"href":"https:\/\/linitiative.ca\/International\/wp-json\/wp\/v2\/types\/post"}],"author":[{"embeddable":true,"href":"https:\/\/linitiative.ca\/International\/wp-json\/wp\/v2\/users\/1965"}],"replies":[{"embeddable":true,"href":"https:\/\/linitiative.ca\/International\/wp-json\/wp\/v2\/comments?post=66076"}],"version-history":[{"count":0,"href":"https:\/\/linitiative.ca\/International\/wp-json\/wp\/v2\/posts\/66076\/revisions"}],"wp:attachment":[{"href":"https:\/\/linitiative.ca\/International\/wp-json\/wp\/v2\/media?parent=66076"}],"wp:term":[{"taxonomy":"category","embeddable":true,"href":"https:\/\/linitiative.ca\/International\/wp-json\/wp\/v2\/categories?post=66076"},{"taxonomy":"post_tag","embeddable":true,"href":"https:\/\/linitiative.ca\/International\/wp-json\/wp\/v2\/tags?post=66076"}],"curies":[{"name":"wp","href":"https:\/\/api.w.org\/{rel}","templated":true}]}}