{"id":66082,"date":"2019-10-31T08:15:08","date_gmt":"2019-10-31T12:15:08","guid":{"rendered":"https:\/\/linitiative.ca\/International\/souss-massa-de-nouveaux-espaces-pastoraux-dans-le-pipe\/"},"modified":"2019-10-31T08:15:08","modified_gmt":"2019-10-31T12:15:08","slug":"souss-massa-de-nouveaux-espaces-pastoraux-dans-le-pipe","status":"publish","type":"post","link":"https:\/\/linitiative.ca\/International\/souss-massa-de-nouveaux-espaces-pastoraux-dans-le-pipe\/","title":{"rendered":"Souss-Massa : De nouveaux espaces  pastoraux dans le pipe"},"content":{"rendered":"<p><img decoding=\"async\" class=\"post_layout_5_img\" src=\"http:\/\/aujourdhui.ma\/wp-content\/uploads\/2019\/10\/Moutons-Maroc.jpg?x29840\" alt=\"Souss-Massa : De nouveaux espaces pastoraux dans le pipe\"\/><\/p>\n<p class=\"p1\"><span class=\"c5\"><strong><span class=\"c4\"><em>En application des dispositions de la loi 113-13 relative \u00e0 la transhumance pastorale<\/em><\/span><\/strong><\/span> <span id=\"more-322013\"\/><\/p>\n<p class=\"p1\"><span class=\"s1\">Conform\u00e9ment \u00e0 loi 113-13 relative \u00e0 la transhumance pastorale, la direction r\u00e9gionale de l\u2019agriculture du Souss-Massa pr\u00e9voit la r\u00e9alisation d\u2019une \u00e9tude de d\u00e9limitation, d\u2019inventaire et de caract\u00e9risation pour la cr\u00e9ation d\u2019espaces pastoraux et sylve-pastoraux dans la r\u00e9gion du Souss-Massa. La zone d\u2019\u00e9tude s\u2019\u00e9tend sur un vaste terrain et elle concerne les provinces d\u2019Agadir Idaoutanane, Tata, Taroudant, Chtouka Ait Baha, Tiznit et Inezgane Ait Meloul. Elle portera entre autres sur l\u2019\u00e9laboration de plusieurs cartes fixant les limites g\u00e9ographiques des espaces pastoraux et sylve-pastoraux et la description et l\u2019analyse des sp\u00e9cificit\u00e9s et des caract\u00e9ristiques de ces espaces, leurs potentialit\u00e9s et leurs contraintes y compris lorsque ces espaces sont limitrophes d\u2019une zone frontali\u00e8re, d\u2019une zone limitrophe ou d\u2019une zone utilis\u00e9e pour les besoins de la d\u00e9fense nationale.<\/span><\/p>\n<p class=\"p1\"><span class=\"s1\">Selon la direction r\u00e9gionale de l\u2019agriculture du Souss-Massa, <em>\u00ables \u00e9cosyst\u00e8mes pastoraux et sylve-pastoraux repr\u00e9sentent un patrimoine national d\u2019une grande importance aussi bien sur le plan de l\u2019ampleur de l\u2019espace qu\u2019ils occupent que pour les richesses qui s\u2019y trouvent et qui constituent une des principales (sinon unique) sources de vie pour les populations riveraines (fourrage, bois de feu, plantes m\u00e9dicinales et aromatiques, r\u00e9cr\u00e9ation, tourisme, refuge pour une faune sauvage diversifi\u00e9e.). Ces espaces sont caract\u00e9ris\u00e9s par une grande diversit\u00e9 \u00e9cologique qui leur conf\u00e8re un r\u00f4le socio-\u00e9conomique important et un r\u00f4le \u00e9cologique strat\u00e9gique pour la sauvegarde des ressources naturelles\u00bb<\/em>.<\/span><\/p>\n<p class=\"p1\"><span class=\"s1\">Toutefois, ces espaces connaissent une d\u00e9gradation prononc\u00e9e et voient leur productivit\u00e9 diminuer en raison de la s\u00e9cheresse que conna\u00eet le pays et des facteurs anthropiques li\u00e9s aux modes d\u2019utilisation de ces terrains. De plus, ces terrains connaissent des changements marqu\u00e9s par la d\u00e9sorganisation des syst\u00e8mes de gestion traditionnels, la mont\u00e9e de l\u2019individualisme, l\u2019\u00e9mergence d\u2019une classe de grands \u00e9leveurs, la motorisation des unit\u00e9s de production, le partage du collectif, l\u2019extension des d\u00e9frichements et mises en culture et la s\u00e9dentarisation. La m\u00eame source ajoute que <em>\u00abconscient de tous ces enjeux, le d\u00e9partement de l\u2019agriculture a initi\u00e9 la r\u00e9forme des instruments d\u2019action et le renforcement de l\u2019arsenal juridique et institutionnel r\u00e9gissant les modes d\u2019utilisation, d\u2019am\u00e9nagement et de gestion des terrains de parcours et la r\u00e9gulation des flux des transhumants\u00bb.<\/em><\/span><\/p>\n<p class=\"p1\"><span class=\"s1\">Rappelons que le d\u00e9partement de l\u2019agriculture s\u2019est attel\u00e9 \u00e0 pr\u00e9parer et mettre en \u0153uvre la nouvelle loi 113-13 relative \u00e0 la transhumance pastorale, \u00e0 l\u2019am\u00e9nagement et la gestion des espaces pastoraux et sylve-pastoraux, et ce pour contribuer \u00e0 la s\u00e9curisation de l\u2019assiette fonci\u00e8re pastorale contre toutes les formes et pratiques destructrices des ressources pastorales, et cr\u00e9er une dynamique vertueuse de r\u00e9habilitation et de gestion durable des ressources pastorales, et \u00e9galement r\u00e9guler les flux de transhumants en vue de tirer profit des avantages associ\u00e9s \u00e0 la transhumance et de r\u00e9duire les impacts n\u00e9gatifs qui lui sont associ\u00e9s (exploitation rationnelle des ressources pastorales et r\u00e9duction\/att\u00e9nuation des conflits).<\/span><\/p>\n<p>Auteur: Mohamed Laabid<br \/>\n<a href=\"http:\/\/aujourdhui.ma\/economie\/souss-massa-de-nouveaux-espaces-pastoraux-dans-le-pipe\">Cliquez ici pour lire l&rsquo;article depuis sa source.<\/a><\/p>\n","protected":false},"excerpt":{"rendered":"<p>En application des dispositions de la loi 113-13 relative \u00e0 la transhumance pastorale Conform\u00e9ment \u00e0 loi 113-13 relative \u00e0 la transhumance pastorale, la direction r\u00e9gionale de l\u2019agriculture du Souss-Massa pr\u00e9voit la r\u00e9alisation d\u2019une \u00e9tude de d\u00e9limitation, d\u2019inventaire et de caract\u00e9risation pour la cr\u00e9ation d\u2019espaces pastoraux et sylve-pastoraux dans la r\u00e9gion du Souss-Massa. La zone d\u2019\u00e9tude [&hellip;]<\/p>\n","protected":false},"author":1759,"featured_media":0,"comment_status":"closed","ping_status":"closed","sticky":false,"template":"","format":"standard","meta":{"fifu_image_url":"","fifu_image_alt":"","footnotes":""},"categories":[73,54],"tags":[],"class_list":["post-66082","post","type-post","status-publish","format-standard","hentry","category-actualite","category-maroc"],"_links":{"self":[{"href":"https:\/\/linitiative.ca\/International\/wp-json\/wp\/v2\/posts\/66082","targetHints":{"allow":["GET"]}}],"collection":[{"href":"https:\/\/linitiative.ca\/International\/wp-json\/wp\/v2\/posts"}],"about":[{"href":"https:\/\/linitiative.ca\/International\/wp-json\/wp\/v2\/types\/post"}],"author":[{"embeddable":true,"href":"https:\/\/linitiative.ca\/International\/wp-json\/wp\/v2\/users\/1759"}],"replies":[{"embeddable":true,"href":"https:\/\/linitiative.ca\/International\/wp-json\/wp\/v2\/comments?post=66082"}],"version-history":[{"count":0,"href":"https:\/\/linitiative.ca\/International\/wp-json\/wp\/v2\/posts\/66082\/revisions"}],"wp:attachment":[{"href":"https:\/\/linitiative.ca\/International\/wp-json\/wp\/v2\/media?parent=66082"}],"wp:term":[{"taxonomy":"category","embeddable":true,"href":"https:\/\/linitiative.ca\/International\/wp-json\/wp\/v2\/categories?post=66082"},{"taxonomy":"post_tag","embeddable":true,"href":"https:\/\/linitiative.ca\/International\/wp-json\/wp\/v2\/tags?post=66082"}],"curies":[{"name":"wp","href":"https:\/\/api.w.org\/{rel}","templated":true}]}}