{"id":66083,"date":"2019-10-31T08:24:48","date_gmt":"2019-10-31T12:24:48","guid":{"rendered":"https:\/\/linitiative.ca\/International\/inzegane-ait-melloul-un-jeune-homme-tue-lors-dune-soiree-bien-arrosee\/"},"modified":"2019-10-31T08:24:48","modified_gmt":"2019-10-31T12:24:48","slug":"inzegane-ait-melloul-un-jeune-homme-tue-lors-dune-soiree-bien-arrosee","status":"publish","type":"post","link":"https:\/\/linitiative.ca\/International\/inzegane-ait-melloul-un-jeune-homme-tue-lors-dune-soiree-bien-arrosee\/","title":{"rendered":"Inzegane-A\u00eft Melloul : Un jeune homme tu\u00e9 lors d\u2019une soir\u00e9e bien arros\u00e9e"},"content":{"rendered":"<header>\n<\/header>\n<div class=\"entry-content clearfix\" readability=\"61\"><img decoding=\"async\" class=\"post_layout_5_img\" src=\"http:\/\/aujourdhui.ma\/wp-content\/uploads\/2016\/09\/Couteau-Crime-Tueur.jpg?x29840\" alt=\"Inzegane-A\u00eft Melloul : Un jeune homme tu\u00e9 lors d\u2019une soir\u00e9e bien arros\u00e9e\"\/><\/p>\n<p class=\"p1\"><span class=\"c4\"><strong>Nous sommes \u00e0 Lqli\u00e2a relevant de la pr\u00e9fecture d\u2019Inzegane-A\u00eft Melloul et situ\u00e9e \u00e0 une vingtaine de kilom\u00e8tres au sud de la ville d\u2019Agadir.<\/strong><\/span> <span id=\"more-322085\"\/><\/p>\n<p class=\"p1\">Un cordon s\u00e9curitaire est dress\u00e9, le matin de ce lundi 28 octobre, par les \u00e9l\u00e9ments de la gendarmerie royale, \u00e0 l\u2019ext\u00e9rieur d\u2019une petite ferme situ\u00e9e non loin de la prison A\u00eft Melloul pour emp\u00eacher les badauds d\u2019y approcher. Quelques gendarmes qui \u00e9taient \u00e0 bord des Jeeps viennent d\u2019y acc\u00e9der tout en conduisant \u00e0 l\u2019int\u00e9rieur trois personnes menott\u00e9es, \u00e0 savoir le propri\u00e9taire de la ferme, sa ma\u00eetresse et le gardien. En effet, ils doivent reconstruire le meurtre qu\u2019ils ont perp\u00e9tr\u00e9 et qui a co\u00fbt\u00e9 la vie \u00e0 un jeune homme de vingt-six ans.<\/p>\n<p class=\"p1\">L\u2019histoire remonte \u00e0 la nuit du jeudi au vendredi, 24 au 25 octobre. Quatre amis se sont donn\u00e9 rendez-vous dans une ferme pour passer une soir\u00e9e bien arros\u00e9e. Ils rient et parlent de tout et de n\u2019importe quoi. Mais sous l\u2019effet de l\u2019alcool, un <span class=\"s1\">malentendu futile se transforme vite en bagarre au couteau. Le pire ne tarde pas \u00e0 arriver. Un jeune homme est tu\u00e9, le propri\u00e9taire de la ferme, sa ma\u00eetresse et le gardien prennent la fuite. Les gendarmes ont \u00e9t\u00e9 alert\u00e9s et les investigations ont \u00e9t\u00e9 entam\u00e9es pour tirer l\u2019affaire au clair. A ce moment, le propri\u00e9taire de la ferme et sa ma\u00eetresse avaient d\u00e9j\u00e0 pris l\u2019autocar \u00e0 destination de Marrakech, puis au douar Bouna\u00efm relevant de la commune rurale de Tnine Chtouka. Mais, la note de recherche diffus\u00e9e \u00e0 travers les quatre coins du pays a permis une mobilisation totale de tous les services de la s\u00fbret\u00e9. Et c\u2019\u00e9tait samedi dernier, 26 octobre, que les gendarmes ont effectu\u00e9 une descente sur le domicile o\u00f9 le propri\u00e9taire de la ferme et sa ma\u00eetresse \u00e9taient cach\u00e9s pour les arr\u00eater. Leur complice, \u00e0 savoir le gardien, a \u00e9galement \u00e9t\u00e9 arr\u00eat\u00e9, \u00e0 Agadir. Affaire \u00e0 suivre.<\/span><\/p>\n<\/div>\n<p>Auteur: Abderrafii ALOUMLIKI<br \/>\n<a href=\"http:\/\/aujourdhui.ma\/faits-divers\/inzegane-ait-melloul-un-jeune-homme-tue-lors-dune-soiree-bien-arrosee\">Cliquez ici pour lire l&rsquo;article depuis sa source.<\/a><\/p>\n","protected":false},"excerpt":{"rendered":"<p>Nous sommes \u00e0 Lqli\u00e2a relevant de la pr\u00e9fecture d\u2019Inzegane-A\u00eft Melloul et situ\u00e9e \u00e0 une vingtaine de kilom\u00e8tres au sud de la ville d\u2019Agadir. Un cordon s\u00e9curitaire est dress\u00e9, le matin de ce lundi 28 octobre, par les \u00e9l\u00e9ments de la gendarmerie royale, \u00e0 l\u2019ext\u00e9rieur d\u2019une petite ferme situ\u00e9e non loin de la prison A\u00eft Melloul [&hellip;]<\/p>\n","protected":false},"author":1759,"featured_media":0,"comment_status":"closed","ping_status":"closed","sticky":false,"template":"","format":"standard","meta":{"fifu_image_url":"","fifu_image_alt":"","footnotes":""},"categories":[73,54],"tags":[],"class_list":["post-66083","post","type-post","status-publish","format-standard","hentry","category-actualite","category-maroc"],"_links":{"self":[{"href":"https:\/\/linitiative.ca\/International\/wp-json\/wp\/v2\/posts\/66083","targetHints":{"allow":["GET"]}}],"collection":[{"href":"https:\/\/linitiative.ca\/International\/wp-json\/wp\/v2\/posts"}],"about":[{"href":"https:\/\/linitiative.ca\/International\/wp-json\/wp\/v2\/types\/post"}],"author":[{"embeddable":true,"href":"https:\/\/linitiative.ca\/International\/wp-json\/wp\/v2\/users\/1759"}],"replies":[{"embeddable":true,"href":"https:\/\/linitiative.ca\/International\/wp-json\/wp\/v2\/comments?post=66083"}],"version-history":[{"count":0,"href":"https:\/\/linitiative.ca\/International\/wp-json\/wp\/v2\/posts\/66083\/revisions"}],"wp:attachment":[{"href":"https:\/\/linitiative.ca\/International\/wp-json\/wp\/v2\/media?parent=66083"}],"wp:term":[{"taxonomy":"category","embeddable":true,"href":"https:\/\/linitiative.ca\/International\/wp-json\/wp\/v2\/categories?post=66083"},{"taxonomy":"post_tag","embeddable":true,"href":"https:\/\/linitiative.ca\/International\/wp-json\/wp\/v2\/tags?post=66083"}],"curies":[{"name":"wp","href":"https:\/\/api.w.org\/{rel}","templated":true}]}}