{"id":66084,"date":"2019-10-31T09:00:15","date_gmt":"2019-10-31T13:00:15","guid":{"rendered":"https:\/\/linitiative.ca\/International\/prescolaire-construction-amenagement-et-equipement-de-7-179-classes\/"},"modified":"2019-10-31T09:00:15","modified_gmt":"2019-10-31T13:00:15","slug":"prescolaire-construction-amenagement-et-equipement-de-7-179-classes","status":"publish","type":"post","link":"https:\/\/linitiative.ca\/International\/prescolaire-construction-amenagement-et-equipement-de-7-179-classes\/","title":{"rendered":"Pr\u00e9scolaire : Construction, am\u00e9nagement  et \u00e9quipement de 7.179 classes"},"content":{"rendered":"<p><img decoding=\"async\" class=\"post_layout_5_img\" src=\"http:\/\/aujourdhui.ma\/wp-content\/uploads\/2019\/10\/Enfants-Pre%CC%81scolaire-Rentree-scolaire.jpg?x29840\" alt=\"Pr\u00e9scolaire : Construction, am\u00e9nagement et \u00e9quipement de 7.179 classes\"\/><\/p>\n<p class=\"p1\"><span class=\"c4\"><strong><em>Le montant global des subventions octroy\u00e9es s\u2019\u00e9l\u00e8ve \u00e0 1,1 milliard DH<\/em><\/strong><\/span> <span id=\"more-322041\"\/><\/p>\n<p class=\"p1\"><span class=\"s1\">Un grand effort d\u2019investissement a \u00e9t\u00e9 d\u00e9ploy\u00e9 dans le secteur de l\u2019\u00e9ducation. En t\u00e9moignent les subventions globales octroy\u00e9es aux Acad\u00e9mies r\u00e9gionales de l\u2019\u00e9ducation et de la formation (AREF) qui ont augment\u00e9 au cours des trois derni\u00e8res ann\u00e9es. Ainsi, le montant total des subventions allou\u00e9es \u00e0 ces \u00e9tablissements a atteint 3,9 milliards DH en cr\u00e9dits de paiement et 3,1 milliards DH en cr\u00e9dits d\u2019engagement au titre de l\u2019ann\u00e9e 2019. C\u2019est ce qu\u2019indique la note sur la r\u00e9partition r\u00e9gionale de l\u2019investissement qui accompagne le projet de loi de Finances 2020.<\/span><\/p>\n<p class=\"p1\"><span class=\"s1\">S\u2019agissant de la construction des \u00e9tablissements scolaires, l\u2019ann\u00e9e 2019 a connu la programmation de 137 \u00e9tablissements dans l\u2019ensemble des acad\u00e9mies r\u00e9gionales et ce pour un montant de subventions global de 1.375 MDH. Au niveau de la r\u00e9gion de Tanger-T\u00e9touan-Al Hoceima, 124,5 millions DH de subventions ont \u00e9t\u00e9 octroy\u00e9s pour la cr\u00e9ation de 12 \u00e9tablissements ; 154,5 MDH pour la cr\u00e9ation de 16 \u00e9tablissements dans l\u2019Oriental ; 131,5 MDH pour 13 \u00e9tablissements au niveau de la r\u00e9gion de Rabat-Sal\u00e9-K\u00e9nitra. <span class=\"Apple-converted-space\">\u00a0<\/span> Pour ce qui est de la r\u00e9gion de Casablanca-Settat, 11 \u00e9tablissements verront le jour avec un budget de 99 millions DH; 14 au niveau de la r\u00e9gion de Marrakech-Safi avec une subvention de 149 MDH ; 17 dans la r\u00e9gion du Souss-Massa avec un budget de 172 MDH.<span class=\"Apple-converted-space\">\u00a0<\/span> Pour les autres r\u00e9gions, 14 \u00e9tablissements sont programm\u00e9s en 2019 au niveau de la r\u00e9gion de Dr\u00e2a-Tafilalet ; 7 au niveau de Guelmim-Oued Noun, 3 \u00e0 La\u00e2youne -Sakia El Hamra et 3 \u00e0 Dakhla-Oued Eddahab.<\/span><\/p>\n<p class=\"p3\"><strong>Pr\u00e9scolaire : 5.745 classes<span class=\"Apple-converted-space\">\u00a0<\/span> en cours de construction<\/strong><\/p>\n<p class=\"p1\"><span class=\"s1\">Il est aussi pr\u00e9vu la construction, l\u2019am\u00e9nagement et l\u2019\u00e9quipement de 7.179 classes de l\u2019enseignement pr\u00e9scolaire dont 5.745 constructions. Le montant global des subventions octroy\u00e9es s\u2019\u00e9l\u00e8ve \u00e0 1,1 milliard DH. Dans la r\u00e9gion de Tanger-T\u00e9touan-Al Hoceima, 747 classes sont en cours de cr\u00e9ation et 147 en cours d\u2019am\u00e9nagement (une subvention de 145,89MDH octroy\u00e9e). Dans l\u2019Oriental, 573 classes verront le jour et 93 seront am\u00e9nag\u00e9es avec un budget de 108,37 MDH.<\/span><\/p>\n<p class=\"p1\"><span class=\"s1\">Pour la r\u00e9gion de Rabat-Sal\u00e9-K\u00e9nitra, 745 classes sont \u00e0 construire et 196 \u00e0 am\u00e9nager avec une subvention de 140,31 MDH. Au niveau de la r\u00e9gion de F\u00e8s-Mekn\u00e8s, la construction de 746 classes a \u00e9t\u00e9 programm\u00e9e et l\u2019am\u00e9nagement de 186 classes avec un montant de 142,83 millions DH. Pour ce qui est des autres r\u00e9gions du Royaume, 752 classes sont en cours de construction et 293 en cours d\u2019am\u00e9nagement dans la r\u00e9gion de Casablanca-Settat. Au niveau de la r\u00e9gion de Marrakech-Safi, 759 classes sont en cours de cr\u00e9ation et 190 vont \u00eatre am\u00e9nag\u00e9es ; 489 en cours de construction et 112 en cours d\u2019am\u00e9nagement dans la r\u00e9gion du Souss-Massa ; 303 \u00e0 construire et 63 \u00e0 am\u00e9nager dans la r\u00e9gion de Dr\u00e2a-Tafilalet.<\/span><\/p>\n<p class=\"p3\"><strong>Remplacement de 5.500 salles en pr\u00e9fabriqu\u00e9<\/strong><\/p>\n<p class=\"p1\"><span class=\"s1\">Les AREF sont en guerre contre les classes en pr\u00e9fabriqu\u00e9. Les acad\u00e9mies ont ainsi programm\u00e9 <span class=\"Apple-converted-space\">\u00a0<\/span> en 2019 les travaux de remplacement de 5.500 salles en pr\u00e9fabriqu\u00e9. Pour cela, un budget de 880 millions de DH a \u00e9t\u00e9 consacr\u00e9 \u00e0 cette op\u00e9ration. C\u2019est au niveau de la r\u00e9gion Marrakech-Safi et de Souss-Massa que le plus grand nombre de salles en pr\u00e9fabriqu\u00e9 a \u00eatre remplac\u00e9. Ainsi au niveau de Marrakech-Safi, 900 salles vont \u00eatre remplac\u00e9es pour un budget de 144 millions DH et 700 salles dans la r\u00e9gion de Souss-Massa avec un budget de 112 MDH. Rappelons \u00e0 ce sujet que ces constructions sont potentiellement dangereuses, car elles peuvent contenir de l\u2019amiante. Cette ann\u00e9e, l\u2019Aref de Casablanca a pr\u00e9vu d\u2019en d\u00e9truire quelque 477, pour les remplacer par des salles de cours en b\u00e9ton. Signalons que le nombre des \u00e9tablissements scolaires a augment\u00e9 ces derni\u00e8res ann\u00e9es en passant de 10.905 (tous cycles confondus) au titre de l\u2019ann\u00e9e 2017-2018 \u00e0 11.032 en 2017-2018, soit 127 \u00e9tablissements scolaires de plus.<\/span><\/p>\n<p>Auteur: Laila Zerrour<br \/>\n<a href=\"http:\/\/aujourdhui.ma\/societe\/prescolaire-construction-amenagement-et-equipement-de-7-179-classes\">Cliquez ici pour lire l&rsquo;article depuis sa source.<\/a><\/p>\n","protected":false},"excerpt":{"rendered":"<p>Le montant global des subventions octroy\u00e9es s\u2019\u00e9l\u00e8ve \u00e0 1,1 milliard DH Un grand effort d\u2019investissement a \u00e9t\u00e9 d\u00e9ploy\u00e9 dans le secteur de l\u2019\u00e9ducation. En t\u00e9moignent les subventions globales octroy\u00e9es aux Acad\u00e9mies r\u00e9gionales de l\u2019\u00e9ducation et de la formation (AREF) qui ont augment\u00e9 au cours des trois derni\u00e8res ann\u00e9es. Ainsi, le montant total des subventions allou\u00e9es [&hellip;]<\/p>\n","protected":false},"author":1759,"featured_media":0,"comment_status":"closed","ping_status":"closed","sticky":false,"template":"","format":"standard","meta":{"fifu_image_url":"","fifu_image_alt":"","footnotes":""},"categories":[73,54],"tags":[],"class_list":["post-66084","post","type-post","status-publish","format-standard","hentry","category-actualite","category-maroc"],"_links":{"self":[{"href":"https:\/\/linitiative.ca\/International\/wp-json\/wp\/v2\/posts\/66084","targetHints":{"allow":["GET"]}}],"collection":[{"href":"https:\/\/linitiative.ca\/International\/wp-json\/wp\/v2\/posts"}],"about":[{"href":"https:\/\/linitiative.ca\/International\/wp-json\/wp\/v2\/types\/post"}],"author":[{"embeddable":true,"href":"https:\/\/linitiative.ca\/International\/wp-json\/wp\/v2\/users\/1759"}],"replies":[{"embeddable":true,"href":"https:\/\/linitiative.ca\/International\/wp-json\/wp\/v2\/comments?post=66084"}],"version-history":[{"count":0,"href":"https:\/\/linitiative.ca\/International\/wp-json\/wp\/v2\/posts\/66084\/revisions"}],"wp:attachment":[{"href":"https:\/\/linitiative.ca\/International\/wp-json\/wp\/v2\/media?parent=66084"}],"wp:term":[{"taxonomy":"category","embeddable":true,"href":"https:\/\/linitiative.ca\/International\/wp-json\/wp\/v2\/categories?post=66084"},{"taxonomy":"post_tag","embeddable":true,"href":"https:\/\/linitiative.ca\/International\/wp-json\/wp\/v2\/tags?post=66084"}],"curies":[{"name":"wp","href":"https:\/\/api.w.org\/{rel}","templated":true}]}}