{"id":66087,"date":"2019-10-31T07:31:42","date_gmt":"2019-10-31T11:31:42","guid":{"rendered":"https:\/\/linitiative.ca\/International\/volonte-populaire\/"},"modified":"2019-10-31T07:31:42","modified_gmt":"2019-10-31T11:31:42","slug":"volonte-populaire","status":"publish","type":"post","link":"https:\/\/linitiative.ca\/International\/volonte-populaire\/","title":{"rendered":"Volont\u00e9 populaire"},"content":{"rendered":"<p class=\"has-text-color has-vivid-cyan-blue-color\"><strong>La volont\u00e9 du peuple, c\u2019est quoi ? Cette interpellation est ainsi faite car c\u2019est une expression usit\u00e9e par tous et qui pourrait pr\u00eater \u00e0 confusion dans un d\u00e9bat embryonnaire, lui-m\u00eame produit dans un champ politique parasit\u00e9.<\/strong><\/p>\n<p>La volont\u00e9 populaire est une d\u00e9termination qui rel\u00e8ve de la plus grande majorit\u00e9 de la population pour devenir une revendication mobilisatrice dont la satisfaction est assur\u00e9e totalement ou partiellement et \u00e0 plus ou moins long terme.<\/p>\n<p>La r\u00e9clamation de l\u2019ind\u00e9pendance et sa r\u00e9alisation, l\u2019affirmation de la souverainet\u00e9 nationale, la consolidation de l\u2019int\u00e9grit\u00e9 territoriale, l\u2019\u00e9tablissement de la d\u00e9mocratie, le respect des libert\u00e9s individuelles et des libert\u00e9s collectives, la consid\u00e9ration des droits de la personne humaine, l\u2019observation de l\u2019\u00e9galit\u00e9 du genre en tout et par tous, la protection de l\u2019environnement naturel et la durabilit\u00e9 du d\u00e9veloppement, la juste r\u00e9partition des richesses, la bonne gouvernance et la justice sociale, l\u2019\u00e9mancipation de toute ali\u00e9nation issue de l\u2019exploitation de l\u2019homme par l\u2019homme constituent des formes de la volont\u00e9 du peuple.<\/p>\n<p>Sur cette base, et quand les \u00abconditions permettant de g\u00e9n\u00e9raliser l\u2019effectivit\u00e9 de la libert\u00e9 et de l\u2019\u00e9galit\u00e9 des citoyennes et des citoyens, ainsi que de leur participation \u00e0 la vie politique \u00e9conomique et sociale\u00bb sont assur\u00e9es, \u00abla loi est l\u2019expression supr\u00eame de la volont\u00e9 de la Nation\u00bb.<\/p>\n<p>La n\u00e9cessit\u00e9 de concr\u00e9tiser la volont\u00e9 du peuple se traduit par la volont\u00e9 politique. Cette derni\u00e8re est n\u00e9cessaire mais non suffisante si elle n\u2019arrive pas \u00e0 d\u00e9gager les moyens pour se faire. Dans ce cas, elle s\u2019exprime en discours de plus en plus insistants sans pour autant satisfaire la revendication l\u00e9gitime du peuple.<\/p>\n<p>En s\u2019appuyant sur un rapport de forces qui lui semble favorable, la volont\u00e9 politique peut d\u00e9naturer la volont\u00e9 populaire en affaiblissant sa raison ou en la d\u00e9naturant de son essence. Ce marchandage est fortuit car il ne fait qu\u2019\u00e9loigner le peuple de la politique au moment m\u00eame o\u00f9 \u00abpolitique\u00bb et \u00abpeuple\u00bb devraient \u00eatre en synergie pour transformer la soci\u00e9t\u00e9 en mieux.<\/p>\n<p>Cela induit des dysfonctionnements, des retards et des d\u00e9phasages qui deviennent de plus en plus des handicaps au d\u00e9veloppement humain et \u00e0 la modernit\u00e9. Les extr\u00eames se nourrissent de ce d\u00e9ficit qui \u00e9rode la confiance du peuple. La m\u00e9fiance, le sarcasme et l\u2019abstention remplacent l\u2019enthousiasme, le d\u00e9bat d\u00e9mocratique et la participation. L\u2019opportunisme \u00e9crase les bonnes volont\u00e9s. Rien ne va m\u00eame si tout semble aller mieux. La pratique du \u00abchaulage de la fa\u00e7ade\u00bb est galvaud\u00e9e partout o\u00f9 \u00abla cam\u00e9ra fonctionne\u00bb\u2026 Et c\u2019est le temps, plus t\u00f4t qu\u2019il n\u2019a \u00e9t\u00e9 pr\u00e9vu, qui fait dire aux thurif\u00e9raires d\u2019hier qu\u2019aujourd\u2019hui la volont\u00e9 du peuple a \u00e9t\u00e9 bafou\u00e9e. Alors, la volont\u00e9 du peuple se r\u00e9tablit encore plus fortement; car rien ne se perd de la r\u00e9solution populaire et tout se transforme par elle.<\/p>\n<p>Auteur: M&rsquo;hammed rahal<br \/>\n<a href=\"http:\/\/albayane.press.ma\/volonte-populaire.html\">Cliquez ici pour lire l&rsquo;article depuis sa source.<\/a><\/p>\n","protected":false},"excerpt":{"rendered":"<p>La volont\u00e9 du peuple, c\u2019est quoi ? Cette interpellation est ainsi faite car c\u2019est une expression usit\u00e9e par tous et qui pourrait pr\u00eater \u00e0 confusion dans un d\u00e9bat embryonnaire, lui-m\u00eame produit dans un champ politique parasit\u00e9. La volont\u00e9 populaire est une d\u00e9termination qui rel\u00e8ve de la plus grande majorit\u00e9 de la population pour devenir une [&hellip;]<\/p>\n","protected":false},"author":1760,"featured_media":0,"comment_status":"closed","ping_status":"closed","sticky":false,"template":"","format":"standard","meta":{"fifu_image_url":"","fifu_image_alt":"","footnotes":""},"categories":[73,54],"tags":[],"class_list":["post-66087","post","type-post","status-publish","format-standard","hentry","category-actualite","category-maroc"],"_links":{"self":[{"href":"https:\/\/linitiative.ca\/International\/wp-json\/wp\/v2\/posts\/66087","targetHints":{"allow":["GET"]}}],"collection":[{"href":"https:\/\/linitiative.ca\/International\/wp-json\/wp\/v2\/posts"}],"about":[{"href":"https:\/\/linitiative.ca\/International\/wp-json\/wp\/v2\/types\/post"}],"author":[{"embeddable":true,"href":"https:\/\/linitiative.ca\/International\/wp-json\/wp\/v2\/users\/1760"}],"replies":[{"embeddable":true,"href":"https:\/\/linitiative.ca\/International\/wp-json\/wp\/v2\/comments?post=66087"}],"version-history":[{"count":0,"href":"https:\/\/linitiative.ca\/International\/wp-json\/wp\/v2\/posts\/66087\/revisions"}],"wp:attachment":[{"href":"https:\/\/linitiative.ca\/International\/wp-json\/wp\/v2\/media?parent=66087"}],"wp:term":[{"taxonomy":"category","embeddable":true,"href":"https:\/\/linitiative.ca\/International\/wp-json\/wp\/v2\/categories?post=66087"},{"taxonomy":"post_tag","embeddable":true,"href":"https:\/\/linitiative.ca\/International\/wp-json\/wp\/v2\/tags?post=66087"}],"curies":[{"name":"wp","href":"https:\/\/api.w.org\/{rel}","templated":true}]}}