{"id":66089,"date":"2019-10-31T08:07:29","date_gmt":"2019-10-31T12:07:29","guid":{"rendered":"https:\/\/linitiative.ca\/International\/racisme-le-dementi-de-la-ctm\/"},"modified":"2019-10-31T08:07:29","modified_gmt":"2019-10-31T12:07:29","slug":"racisme-le-dementi-de-la-ctm","status":"publish","type":"post","link":"https:\/\/linitiative.ca\/International\/racisme-le-dementi-de-la-ctm\/","title":{"rendered":"Racisme: le d\u00e9menti de la CTM"},"content":{"rendered":"<p class=\"has-text-color has-vivid-cyan-blue-color\"><strong>L\u2019information a enflamm\u00e9 la toile suscitant l\u2019indignation des internautes et des activistes des r\u00e9seaux sociaux.<\/strong><\/p>\n<p>En fait, une \u00abnote\u00bb, relay\u00e9e par plusieurs m\u00e9dias, indiquant que les transporteurs routiers de voyageurs auraient re\u00e7u des instructions de la part des autorit\u00e9s \u00abinterdisant\u00bb la vente de billets de transport aux immigr\u00e9s en provenance des pays subsahariens et ne disposant pas d\u2019une carte de s\u00e9jour.<\/p>\n<p>Les condamnations ont fus\u00e9 alors de toute part, criant au racisme et au d\u00e9lit de faci\u00e8s, notamment contre la Compagnie de transports au Maroc (CTM).<\/p>\n<p>Cette fausse information a pouss\u00e9 la direction de la CTM \u00e0 sortir de son silence et \u00e0 apporter un d\u00e9menti cat\u00e9gorique.<\/p>\n<p>Dans une mise au point publi\u00e9e sur son compte facebook, la Compagnie a infirm\u00e9 ces faits et assur\u00e9 que cette note \u00abn\u2019est pas un document de la CTM et aucune annonce ou avis de ce type n\u2019a \u00e9man\u00e9 de la direction g\u00e9n\u00e9rale de la compagnie\u00bb.<\/p>\n<p>Pour l\u2019op\u00e9rateur de transport par autocars, de tels actes sont aux antipodes des valeurs et de l\u2019\u00e9thique de l\u2019entreprise qui rejette toute sorte de discrimination.<\/p>\n<p class=\"c2\"><strong>Khalid Darfaf<\/strong><\/p>\n<p>Auteur: M&rsquo;hammed rahal<br \/>\n<a href=\"http:\/\/albayane.press.ma\/racisme-le-dementi-de-la-ctm.html\">Cliquez ici pour lire l&rsquo;article depuis sa source.<\/a><\/p>\n","protected":false},"excerpt":{"rendered":"<p>L\u2019information a enflamm\u00e9 la toile suscitant l\u2019indignation des internautes et des activistes des r\u00e9seaux sociaux. En fait, une \u00abnote\u00bb, relay\u00e9e par plusieurs m\u00e9dias, indiquant que les transporteurs routiers de voyageurs auraient re\u00e7u des instructions de la part des autorit\u00e9s \u00abinterdisant\u00bb la vente de billets de transport aux immigr\u00e9s en provenance des pays subsahariens et ne [&hellip;]<\/p>\n","protected":false},"author":1760,"featured_media":0,"comment_status":"closed","ping_status":"closed","sticky":false,"template":"","format":"standard","meta":{"fifu_image_url":"","fifu_image_alt":"","footnotes":""},"categories":[73,54],"tags":[],"class_list":["post-66089","post","type-post","status-publish","format-standard","hentry","category-actualite","category-maroc"],"_links":{"self":[{"href":"https:\/\/linitiative.ca\/International\/wp-json\/wp\/v2\/posts\/66089","targetHints":{"allow":["GET"]}}],"collection":[{"href":"https:\/\/linitiative.ca\/International\/wp-json\/wp\/v2\/posts"}],"about":[{"href":"https:\/\/linitiative.ca\/International\/wp-json\/wp\/v2\/types\/post"}],"author":[{"embeddable":true,"href":"https:\/\/linitiative.ca\/International\/wp-json\/wp\/v2\/users\/1760"}],"replies":[{"embeddable":true,"href":"https:\/\/linitiative.ca\/International\/wp-json\/wp\/v2\/comments?post=66089"}],"version-history":[{"count":0,"href":"https:\/\/linitiative.ca\/International\/wp-json\/wp\/v2\/posts\/66089\/revisions"}],"wp:attachment":[{"href":"https:\/\/linitiative.ca\/International\/wp-json\/wp\/v2\/media?parent=66089"}],"wp:term":[{"taxonomy":"category","embeddable":true,"href":"https:\/\/linitiative.ca\/International\/wp-json\/wp\/v2\/categories?post=66089"},{"taxonomy":"post_tag","embeddable":true,"href":"https:\/\/linitiative.ca\/International\/wp-json\/wp\/v2\/tags?post=66089"}],"curies":[{"name":"wp","href":"https:\/\/api.w.org\/{rel}","templated":true}]}}