{"id":66097,"date":"2019-10-31T06:00:00","date_gmt":"2019-10-31T10:00:00","guid":{"rendered":"https:\/\/linitiative.ca\/International\/les-demandeurs-demploi-en-augmentation\/"},"modified":"2019-10-31T06:00:00","modified_gmt":"2019-10-31T10:00:00","slug":"les-demandeurs-demploi-en-augmentation","status":"publish","type":"post","link":"https:\/\/linitiative.ca\/International\/les-demandeurs-demploi-en-augmentation\/","title":{"rendered":"Les demandeurs d\u2019emploi en augmentation"},"content":{"rendered":"<div id=\"originalText\" readability=\"40\">\n<p class=\"c10\">Le nombre des demandeurs d&#8217;emploi dans la wilaya d\u2019Oran est en augmentation, passant de 43 094 en 2017 \u00e0 45 903 en 2018 et\u00a0 60 934 dans les neuf premiers mois de l\u2019ann\u00e9e en cours, a-t-on indiqu\u00e9 dans\u00a0 un rapport de la commission du d\u00e9veloppement local, \u00e9quipement, investissement et emploi de l\u2019Assembl\u00e9e populaire de wilaya (APW), pr\u00e9sent\u00e9 lors de la troisi\u00e8me session de l&rsquo;APW cl\u00f4tur\u00e9e lundi dernier.<br \/>\u00a0<\/p>\n<p class=\"c11\"><strong>APS<\/strong><\/p>\n<\/div>\n<div id=\"text_core\" readability=\"40\">\n<p class=\"c10\">Le nombre des demandeurs d&#8217;emploi dans la wilaya d\u2019Oran est en augmentation, passant de 43 094 en 2017 \u00e0 45 903 en 2018 et\u00a0 60 934 dans les neuf premiers mois de l\u2019ann\u00e9e en cours, a-t-on indiqu\u00e9 dans\u00a0 un rapport de la commission du d\u00e9veloppement local, \u00e9quipement, investissement et emploi de l\u2019Assembl\u00e9e populaire de wilaya (APW), pr\u00e9sent\u00e9 lors de la troisi\u00e8me session de l&rsquo;APW cl\u00f4tur\u00e9e lundi dernier.<br \/>\u00a0<\/p>\n<p class=\"c11\"><strong>APS<\/strong><\/p>\n<\/div>\n<p>Auteur:<br \/>\n<a href=\"https:\/\/www.liberte-algerie.com\/ouest\/les-demandeurs-demploi-en-augmentation-327068\">Cliquez ici pour lire l&rsquo;article depuis sa source.<\/a><\/p>\n","protected":false},"excerpt":{"rendered":"<p>Le nombre des demandeurs d&#8217;emploi dans la wilaya d\u2019Oran est en augmentation, passant de 43 094 en 2017 \u00e0 45 903 en 2018 et\u00a0 60 934 dans les neuf premiers mois de l\u2019ann\u00e9e en cours, a-t-on indiqu\u00e9 dans\u00a0 un rapport de la commission du d\u00e9veloppement local, \u00e9quipement, investissement et emploi de l\u2019Assembl\u00e9e populaire de wilaya [&hellip;]<\/p>\n","protected":false},"author":1742,"featured_media":0,"comment_status":"closed","ping_status":"closed","sticky":false,"template":"","format":"standard","meta":{"fifu_image_url":"","fifu_image_alt":"","footnotes":""},"categories":[73,53],"tags":[],"class_list":["post-66097","post","type-post","status-publish","format-standard","hentry","category-actualite","category-algerie"],"_links":{"self":[{"href":"https:\/\/linitiative.ca\/International\/wp-json\/wp\/v2\/posts\/66097","targetHints":{"allow":["GET"]}}],"collection":[{"href":"https:\/\/linitiative.ca\/International\/wp-json\/wp\/v2\/posts"}],"about":[{"href":"https:\/\/linitiative.ca\/International\/wp-json\/wp\/v2\/types\/post"}],"author":[{"embeddable":true,"href":"https:\/\/linitiative.ca\/International\/wp-json\/wp\/v2\/users\/1742"}],"replies":[{"embeddable":true,"href":"https:\/\/linitiative.ca\/International\/wp-json\/wp\/v2\/comments?post=66097"}],"version-history":[{"count":0,"href":"https:\/\/linitiative.ca\/International\/wp-json\/wp\/v2\/posts\/66097\/revisions"}],"wp:attachment":[{"href":"https:\/\/linitiative.ca\/International\/wp-json\/wp\/v2\/media?parent=66097"}],"wp:term":[{"taxonomy":"category","embeddable":true,"href":"https:\/\/linitiative.ca\/International\/wp-json\/wp\/v2\/categories?post=66097"},{"taxonomy":"post_tag","embeddable":true,"href":"https:\/\/linitiative.ca\/International\/wp-json\/wp\/v2\/tags?post=66097"}],"curies":[{"name":"wp","href":"https:\/\/api.w.org\/{rel}","templated":true}]}}