{"id":66098,"date":"2019-10-31T06:00:00","date_gmt":"2019-10-31T10:00:00","guid":{"rendered":"https:\/\/linitiative.ca\/International\/les-femmes-au-coeur-du-developpement-en-debat\/"},"modified":"2019-10-31T06:00:00","modified_gmt":"2019-10-31T10:00:00","slug":"les-femmes-au-coeur-du-developpement-en-debat","status":"publish","type":"post","link":"https:\/\/linitiative.ca\/International\/les-femmes-au-coeur-du-developpement-en-debat\/","title":{"rendered":"\u201cLes femmes au c\u0153ur du d\u00e9veloppement\u201d en d\u00e9bat"},"content":{"rendered":"<div id=\"originalText\" readability=\"67\">\n<p>L\u2019h\u00e9micycle du centre universitaire Ahmed-Zabana de Relizane a abrit\u00e9 mardi un colloque international sous le th\u00e8me \u201cLes femmes au c\u0153ur du d\u00e9veloppement\u201d.\u00a0<\/p>\n<p>Organis\u00e9 par le laboratoire d\u2019\u00e9tudes sociales, psychologiques et anthropologiques dudit centre, en coop\u00e9ration avec le laboratoire de philosophie et de critique de la culture contemporaine de l\u2019universit\u00e9 Paris 8 (France), il mettra en lumi\u00e8re \u201cle r\u00f4le des femmes dans l\u2019histoire des peuples et des nations\u201d.\u00a0<\/p>\n<p>D\u2019\u00e9minents professeurs et des chercheurs de diff\u00e9rentes universit\u00e9s du pays, de Tunisie, du Maroc, de Libye, d&rsquo;\u00c9gypte, du Qatar et de France ont pris part \u00e0 ce colloque international de deux jours. Le th\u00e8me \u201cLes femmes au c\u0153ur du d\u00e9veloppement\u201d sera au centre d&rsquo;un symposium international, a annonc\u00e9 la pr\u00e9sidente du symposium lors de l\u2019ouverture de ce colloque en pr\u00e9sence des autorit\u00e9s civiles.<\/p>\n<p>Plusieurs th\u00e8mes ont \u00e9t\u00e9 d\u00e9velopp\u00e9s lors de ce colloque, tels que \u201cLes femmes et leur contribution au d\u00e9veloppement \u00e9conomique\u201d, \u201cLes femmes et la soci\u00e9t\u00e9 au centre du d\u00e9veloppement\u201d ainsi que \u201cLes femmes et les valeurs culturelles\u201d. Des communications diverses ont \u00e9t\u00e9 \u00e9galement pr\u00e9sent\u00e9es sur les \u201ccadres juridique et politique des femmes dans le d\u00e9veloppement\u201d, \u201cLes femmes dans le secteur de la presse et des m\u00e9dias\u201d et \u201cLes femmes dans les universit\u00e9s et le monde du travail\u201d.<\/p>\n<p>Dans le m\u00eame contexte, le probl\u00e8me de \u201cla responsabilit\u00e9 des femmes dans l&rsquo;\u00e9ducation des jeunes et leur r\u00f4le dans le d\u00e9veloppement et l&rsquo;avancement des soci\u00e9t\u00e9s dans divers domaines\u201d a \u00e9t\u00e9 l\u2019objet d\u2019une communication. Plusieurs conf\u00e9rences telles que \u201cLes femmes et la participation politique dans la pens\u00e9e islamique\u201d, \u201cLe r\u00f4le des femmes alg\u00e9riennes dans la participation politique par le biais des m\u00e9dias sociaux\u201d et \u201cLes droits des femmes arabes entre les pactes internationaux et la r\u00e9alit\u00e9\u201d sont \u00e9galement au programme.\u00a0<br \/>\u00a0<\/p>\n<p class=\"c10\"><strong>E. Yacine<\/strong><\/p>\n<\/div>\n<div id=\"text_core\" readability=\"67\">\n<p>L\u2019h\u00e9micycle du centre universitaire Ahmed-Zabana de Relizane a abrit\u00e9 mardi un colloque international sous le th\u00e8me \u201cLes femmes au c\u0153ur du d\u00e9veloppement\u201d.\u00a0<\/p>\n<p>Organis\u00e9 par le laboratoire d\u2019\u00e9tudes sociales, psychologiques et anthropologiques dudit centre, en coop\u00e9ration avec le laboratoire de philosophie et de critique de la culture contemporaine de l\u2019universit\u00e9 Paris 8 (France), il mettra en lumi\u00e8re \u201cle r\u00f4le des femmes dans l\u2019histoire des peuples et des nations\u201d.\u00a0<\/p>\n<p>D\u2019\u00e9minents professeurs et des chercheurs de diff\u00e9rentes universit\u00e9s du pays, de Tunisie, du Maroc, de Libye, d&rsquo;\u00c9gypte, du Qatar et de France ont pris part \u00e0 ce colloque international de deux jours. Le th\u00e8me \u201cLes femmes au c\u0153ur du d\u00e9veloppement\u201d sera au centre d&rsquo;un symposium international, a annonc\u00e9 la pr\u00e9sidente du symposium lors de l\u2019ouverture de ce colloque en pr\u00e9sence des autorit\u00e9s civiles.<\/p>\n<p>Plusieurs th\u00e8mes ont \u00e9t\u00e9 d\u00e9velopp\u00e9s lors de ce colloque, tels que \u201cLes femmes et leur contribution au d\u00e9veloppement \u00e9conomique\u201d, \u201cLes femmes et la soci\u00e9t\u00e9 au centre du d\u00e9veloppement\u201d ainsi que \u201cLes femmes et les valeurs culturelles\u201d. Des communications diverses ont \u00e9t\u00e9 \u00e9galement pr\u00e9sent\u00e9es sur les \u201ccadres juridique et politique des femmes dans le d\u00e9veloppement\u201d, \u201cLes femmes dans le secteur de la presse et des m\u00e9dias\u201d et \u201cLes femmes dans les universit\u00e9s et le monde du travail\u201d.<\/p>\n<p>Dans le m\u00eame contexte, le probl\u00e8me de \u201cla responsabilit\u00e9 des femmes dans l&rsquo;\u00e9ducation des jeunes et leur r\u00f4le dans le d\u00e9veloppement et l&rsquo;avancement des soci\u00e9t\u00e9s dans divers domaines\u201d a \u00e9t\u00e9 l\u2019objet d\u2019une communication. Plusieurs conf\u00e9rences telles que \u201cLes femmes et la participation politique dans la pens\u00e9e islamique\u201d, \u201cLe r\u00f4le des femmes alg\u00e9riennes dans la participation politique par le biais des m\u00e9dias sociaux\u201d et \u201cLes droits des femmes arabes entre les pactes internationaux et la r\u00e9alit\u00e9\u201d sont \u00e9galement au programme.\u00a0<br \/>\u00a0<\/p>\n<p class=\"c10\"><strong>E. Yacine<\/strong><\/p>\n<\/div>\n<p>Auteur:<br \/>\n<a href=\"https:\/\/www.liberte-algerie.com\/ouest\/les-femmes-au-coeur-du-developpement-en-debat-327067\">Cliquez ici pour lire l&rsquo;article depuis sa source.<\/a><\/p>\n","protected":false},"excerpt":{"rendered":"<p>L\u2019h\u00e9micycle du centre universitaire Ahmed-Zabana de Relizane a abrit\u00e9 mardi un colloque international sous le th\u00e8me \u201cLes femmes au c\u0153ur du d\u00e9veloppement\u201d.\u00a0 Organis\u00e9 par le laboratoire d\u2019\u00e9tudes sociales, psychologiques et anthropologiques dudit centre, en coop\u00e9ration avec le laboratoire de philosophie et de critique de la culture contemporaine de l\u2019universit\u00e9 Paris 8 (France), il mettra en [&hellip;]<\/p>\n","protected":false},"author":1742,"featured_media":0,"comment_status":"closed","ping_status":"closed","sticky":false,"template":"","format":"standard","meta":{"fifu_image_url":"","fifu_image_alt":"","footnotes":""},"categories":[73,53],"tags":[],"class_list":["post-66098","post","type-post","status-publish","format-standard","hentry","category-actualite","category-algerie"],"_links":{"self":[{"href":"https:\/\/linitiative.ca\/International\/wp-json\/wp\/v2\/posts\/66098","targetHints":{"allow":["GET"]}}],"collection":[{"href":"https:\/\/linitiative.ca\/International\/wp-json\/wp\/v2\/posts"}],"about":[{"href":"https:\/\/linitiative.ca\/International\/wp-json\/wp\/v2\/types\/post"}],"author":[{"embeddable":true,"href":"https:\/\/linitiative.ca\/International\/wp-json\/wp\/v2\/users\/1742"}],"replies":[{"embeddable":true,"href":"https:\/\/linitiative.ca\/International\/wp-json\/wp\/v2\/comments?post=66098"}],"version-history":[{"count":0,"href":"https:\/\/linitiative.ca\/International\/wp-json\/wp\/v2\/posts\/66098\/revisions"}],"wp:attachment":[{"href":"https:\/\/linitiative.ca\/International\/wp-json\/wp\/v2\/media?parent=66098"}],"wp:term":[{"taxonomy":"category","embeddable":true,"href":"https:\/\/linitiative.ca\/International\/wp-json\/wp\/v2\/categories?post=66098"},{"taxonomy":"post_tag","embeddable":true,"href":"https:\/\/linitiative.ca\/International\/wp-json\/wp\/v2\/tags?post=66098"}],"curies":[{"name":"wp","href":"https:\/\/api.w.org\/{rel}","templated":true}]}}