{"id":66099,"date":"2019-10-31T06:00:00","date_gmt":"2019-10-31T10:00:00","guid":{"rendered":"https:\/\/linitiative.ca\/International\/un-trait-dunion-entre-le-dispositif-de-soutien-a-lemploi-et-letudiant\/"},"modified":"2019-10-31T06:00:00","modified_gmt":"2019-10-31T10:00:00","slug":"un-trait-dunion-entre-le-dispositif-de-soutien-a-lemploi-et-letudiant","status":"publish","type":"post","link":"https:\/\/linitiative.ca\/International\/un-trait-dunion-entre-le-dispositif-de-soutien-a-lemploi-et-letudiant\/","title":{"rendered":"Un trait d\u2019union entre le dispositif de soutien \u00e0 l\u2019emploi et l\u2019\u00e9tudiant"},"content":{"rendered":"<div id=\"originalText\" readability=\"62\">\n<p>La maison de l\u2019entrepreneuriat s\u2019efforce \u00e0 consolider la relation qui existe entre les dispositifs \u00e9tatiques de soutien \u00e0 l\u2019emploi des jeunes et les \u00e9tudiants \u00e0 travers le renforcement de l\u2019id\u00e9e d\u2019entrepreneuriat et l\u2019incitation des \u00e9tudiants \u00e0 la n\u00e9cessit\u00e9 de r\u00e9fl\u00e9chir s\u00e9rieusement sur la cr\u00e9ation de projets producteurs de richesses, et ce, \u00e0 la faveur des avantages accord\u00e9s par le biais des m\u00e9canismes de soutien, \u00e0 l\u2019instar l\u2019accompagnement et la formation offerts.<\/p>\n<p>Il va sans dire que les diff\u00e9rentes agences de soutien \u00e0 l\u2019emploi des jeunes participent \u00e0 habiliter les porteurs de projets dans la gestion de leurs micro-entreprises d\u2019une fa\u00e7on efficace. \u00c0 ce titre, selon un responsable de l\u2019Ansej (Agence nationale de soutien \u00e0 l\u2019emploi de jeunes) de A\u00efn T\u00e9mouchent, il y a une relation solide entre le centre universitaire et l\u2019Ansej, favoris\u00e9e par la maison de l\u2019entrepreneuriat qui est implant\u00e9e \u00e0 l\u2019int\u00e9rieur m\u00eame du centre universitaire et destin\u00e9e exclusivement aux \u00e9tudiants qui sont anim\u00e9s par cette volont\u00e9 de se porter vers l\u2019entrepreneuriat et par ricochet cherchent \u00e0 cr\u00e9er leurs propres micro-entreprises.<\/p>\n<p>\u201cNous nous effor\u00e7ons \u00e0 les inciter \u00e0 avoir cette id\u00e9e de la cr\u00e9ation de leurs projets. Une id\u00e9e qui sera simplifi\u00e9e si elle arrive \u00e0 l\u2019\u00e9tudiant en lui ouvrant plusieurs opportunit\u00e9s selon son choix, sachant qu\u2019\u00e0 l\u2019approche de la fin de ses \u00e9tudes l\u2019\u00c9tat lui offre une somme cons\u00e9quente pour pouvoir lancer son projet\u201d, a indiqu\u00e9 \u00e0 la presse ce responsable. C\u2019est pourquoi l\u2019utilit\u00e9 du rapprochement de la maison de l\u2019entrepreneuriat vers l\u2019\u00e9tudiant, une source de concepts et d\u2019id\u00e9es.<\/p>\n<p>Il est important de rappeler qu\u2019une commission compos\u00e9e de 15 membres, tous des cadres, si\u00e8ge \u00e0 l\u2019Ansej qui a pour mission d\u2019observer les projets pr\u00e9sent\u00e9s par leurs porteurs et donne son avis. Sans oublier les autres points d\u2019accompagnement dont la formation qui sera sanctionn\u00e9e par la remise d\u2019un dipl\u00f4me par l\u2019Ansej, une sorte d\u2019habilitation qui prouve que le porteur de projet est capable de g\u00e9rer une entreprise.<br \/>\u00a0<\/p>\n<p class=\"c10\"><strong>M. LARADJ<\/strong><\/p>\n<\/div>\n<div id=\"text_core\" readability=\"62\">\n<p>La maison de l\u2019entrepreneuriat s\u2019efforce \u00e0 consolider la relation qui existe entre les dispositifs \u00e9tatiques de soutien \u00e0 l\u2019emploi des jeunes et les \u00e9tudiants \u00e0 travers le renforcement de l\u2019id\u00e9e d\u2019entrepreneuriat et l\u2019incitation des \u00e9tudiants \u00e0 la n\u00e9cessit\u00e9 de r\u00e9fl\u00e9chir s\u00e9rieusement sur la cr\u00e9ation de projets producteurs de richesses, et ce, \u00e0 la faveur des avantages accord\u00e9s par le biais des m\u00e9canismes de soutien, \u00e0 l\u2019instar l\u2019accompagnement et la formation offerts.<\/p>\n<p>Il va sans dire que les diff\u00e9rentes agences de soutien \u00e0 l\u2019emploi des jeunes participent \u00e0 habiliter les porteurs de projets dans la gestion de leurs micro-entreprises d\u2019une fa\u00e7on efficace. \u00c0 ce titre, selon un responsable de l\u2019Ansej (Agence nationale de soutien \u00e0 l\u2019emploi de jeunes) de A\u00efn T\u00e9mouchent, il y a une relation solide entre le centre universitaire et l\u2019Ansej, favoris\u00e9e par la maison de l\u2019entrepreneuriat qui est implant\u00e9e \u00e0 l\u2019int\u00e9rieur m\u00eame du centre universitaire et destin\u00e9e exclusivement aux \u00e9tudiants qui sont anim\u00e9s par cette volont\u00e9 de se porter vers l\u2019entrepreneuriat et par ricochet cherchent \u00e0 cr\u00e9er leurs propres micro-entreprises.<\/p>\n<p>\u201cNous nous effor\u00e7ons \u00e0 les inciter \u00e0 avoir cette id\u00e9e de la cr\u00e9ation de leurs projets. Une id\u00e9e qui sera simplifi\u00e9e si elle arrive \u00e0 l\u2019\u00e9tudiant en lui ouvrant plusieurs opportunit\u00e9s selon son choix, sachant qu\u2019\u00e0 l\u2019approche de la fin de ses \u00e9tudes l\u2019\u00c9tat lui offre une somme cons\u00e9quente pour pouvoir lancer son projet\u201d, a indiqu\u00e9 \u00e0 la presse ce responsable. C\u2019est pourquoi l\u2019utilit\u00e9 du rapprochement de la maison de l\u2019entrepreneuriat vers l\u2019\u00e9tudiant, une source de concepts et d\u2019id\u00e9es.<\/p>\n<p>Il est important de rappeler qu\u2019une commission compos\u00e9e de 15 membres, tous des cadres, si\u00e8ge \u00e0 l\u2019Ansej qui a pour mission d\u2019observer les projets pr\u00e9sent\u00e9s par leurs porteurs et donne son avis. Sans oublier les autres points d\u2019accompagnement dont la formation qui sera sanctionn\u00e9e par la remise d\u2019un dipl\u00f4me par l\u2019Ansej, une sorte d\u2019habilitation qui prouve que le porteur de projet est capable de g\u00e9rer une entreprise.<br \/>\u00a0<\/p>\n<p class=\"c10\"><strong>M. LARADJ<\/strong><\/p>\n<\/div>\n<p>Auteur:<br \/>\n<a href=\"https:\/\/www.liberte-algerie.com\/ouest\/un-trait-dunion-entre-le-dispositif-de-soutien-a-lemploi-et-letudiant-327066\">Cliquez ici pour lire l&rsquo;article depuis sa source.<\/a><\/p>\n","protected":false},"excerpt":{"rendered":"<p>La maison de l\u2019entrepreneuriat s\u2019efforce \u00e0 consolider la relation qui existe entre les dispositifs \u00e9tatiques de soutien \u00e0 l\u2019emploi des jeunes et les \u00e9tudiants \u00e0 travers le renforcement de l\u2019id\u00e9e d\u2019entrepreneuriat et l\u2019incitation des \u00e9tudiants \u00e0 la n\u00e9cessit\u00e9 de r\u00e9fl\u00e9chir s\u00e9rieusement sur la cr\u00e9ation de projets producteurs de richesses, et ce, \u00e0 la faveur des [&hellip;]<\/p>\n","protected":false},"author":1742,"featured_media":0,"comment_status":"closed","ping_status":"closed","sticky":false,"template":"","format":"standard","meta":{"fifu_image_url":"","fifu_image_alt":"","footnotes":""},"categories":[73,53],"tags":[],"class_list":["post-66099","post","type-post","status-publish","format-standard","hentry","category-actualite","category-algerie"],"_links":{"self":[{"href":"https:\/\/linitiative.ca\/International\/wp-json\/wp\/v2\/posts\/66099","targetHints":{"allow":["GET"]}}],"collection":[{"href":"https:\/\/linitiative.ca\/International\/wp-json\/wp\/v2\/posts"}],"about":[{"href":"https:\/\/linitiative.ca\/International\/wp-json\/wp\/v2\/types\/post"}],"author":[{"embeddable":true,"href":"https:\/\/linitiative.ca\/International\/wp-json\/wp\/v2\/users\/1742"}],"replies":[{"embeddable":true,"href":"https:\/\/linitiative.ca\/International\/wp-json\/wp\/v2\/comments?post=66099"}],"version-history":[{"count":0,"href":"https:\/\/linitiative.ca\/International\/wp-json\/wp\/v2\/posts\/66099\/revisions"}],"wp:attachment":[{"href":"https:\/\/linitiative.ca\/International\/wp-json\/wp\/v2\/media?parent=66099"}],"wp:term":[{"taxonomy":"category","embeddable":true,"href":"https:\/\/linitiative.ca\/International\/wp-json\/wp\/v2\/categories?post=66099"},{"taxonomy":"post_tag","embeddable":true,"href":"https:\/\/linitiative.ca\/International\/wp-json\/wp\/v2\/tags?post=66099"}],"curies":[{"name":"wp","href":"https:\/\/api.w.org\/{rel}","templated":true}]}}