{"id":66100,"date":"2019-10-31T06:00:00","date_gmt":"2019-10-31T10:00:00","guid":{"rendered":"https:\/\/linitiative.ca\/International\/les-auteurs-presumes-arretes\/"},"modified":"2019-10-31T06:00:00","modified_gmt":"2019-10-31T10:00:00","slug":"les-auteurs-presumes-arretes","status":"publish","type":"post","link":"https:\/\/linitiative.ca\/International\/les-auteurs-presumes-arretes\/","title":{"rendered":"Les auteurs pr\u00e9sum\u00e9s arr\u00eat\u00e9s"},"content":{"rendered":"<div id=\"originalText\" readability=\"50\">\n<p>Le quartier populaire de Sidi Sa\u00efd de A\u00efn T\u00e9mouchent a \u00e9t\u00e9 secou\u00e9 par un meurtre perp\u00e9tr\u00e9 lundi, qui a co\u00fbt\u00e9 la vie au jeune B. Walid, 20 ans. L\u2019enqu\u00eate men\u00e9e juste apr\u00e8s cet acte criminel par les \u00e9l\u00e9ments de la police judiciaire relevant de la S\u00fbret\u00e9 de wilaya de A\u00efn T\u00e9mouchent pour identifier le ou les auteurs n\u2019a pas \u00e9t\u00e9 vaine, puisque en quelques heures seulement, les fins limiers de la PJ ont r\u00e9ussi \u00e0 mettre la main sur deux suspects, en l\u2019occurrence T. M., 18 ans, et Y. Y., 17 ans, avec la r\u00e9cup\u00e9ration de l\u2019arme du crime.\u00a0<\/p>\n<p>La victime a re\u00e7u plusieurs coups de couteau dans certaines parties de son corps apr\u00e8s avoir \u00e9t\u00e9 tabass\u00e9e. Elle a succomb\u00e9 \u00e0 ses blessures quelques heures apr\u00e8s ce forfait. Son corps a \u00e9t\u00e9 d\u00e9pos\u00e9 \u00e0 la morgue de l\u2019h\u00f4pital Ahmed-Medeghri de A\u00efn T\u00e9mouchent, alors qu\u2019une enqu\u00eate a \u00e9t\u00e9 ouverte sur instruction du procureur de la R\u00e9publique pr\u00e8s le tribunal de A\u00efn T\u00e9mouchent pour faire toute la lumi\u00e8re sur ce crime.<\/p>\n<p class=\"c10\"><strong>M. L.<\/strong><\/p>\n<\/div>\n<div id=\"text_core\" readability=\"50\">\n<p>Le quartier populaire de Sidi Sa\u00efd de A\u00efn T\u00e9mouchent a \u00e9t\u00e9 secou\u00e9 par un meurtre perp\u00e9tr\u00e9 lundi, qui a co\u00fbt\u00e9 la vie au jeune B. Walid, 20 ans. L\u2019enqu\u00eate men\u00e9e juste apr\u00e8s cet acte criminel par les \u00e9l\u00e9ments de la police judiciaire relevant de la S\u00fbret\u00e9 de wilaya de A\u00efn T\u00e9mouchent pour identifier le ou les auteurs n\u2019a pas \u00e9t\u00e9 vaine, puisque en quelques heures seulement, les fins limiers de la PJ ont r\u00e9ussi \u00e0 mettre la main sur deux suspects, en l\u2019occurrence T. M., 18 ans, et Y. Y., 17 ans, avec la r\u00e9cup\u00e9ration de l\u2019arme du crime.\u00a0<\/p>\n<p>La victime a re\u00e7u plusieurs coups de couteau dans certaines parties de son corps apr\u00e8s avoir \u00e9t\u00e9 tabass\u00e9e. Elle a succomb\u00e9 \u00e0 ses blessures quelques heures apr\u00e8s ce forfait. Son corps a \u00e9t\u00e9 d\u00e9pos\u00e9 \u00e0 la morgue de l\u2019h\u00f4pital Ahmed-Medeghri de A\u00efn T\u00e9mouchent, alors qu\u2019une enqu\u00eate a \u00e9t\u00e9 ouverte sur instruction du procureur de la R\u00e9publique pr\u00e8s le tribunal de A\u00efn T\u00e9mouchent pour faire toute la lumi\u00e8re sur ce crime.<\/p>\n<p class=\"c10\"><strong>M. L.<\/strong><\/p>\n<\/div>\n<p>Auteur:<br \/>\n<a href=\"https:\/\/www.liberte-algerie.com\/ouest\/les-auteurs-presumes-arretes-327065\">Cliquez ici pour lire l&rsquo;article depuis sa source.<\/a><\/p>\n","protected":false},"excerpt":{"rendered":"<p>Le quartier populaire de Sidi Sa\u00efd de A\u00efn T\u00e9mouchent a \u00e9t\u00e9 secou\u00e9 par un meurtre perp\u00e9tr\u00e9 lundi, qui a co\u00fbt\u00e9 la vie au jeune B. Walid, 20 ans. L\u2019enqu\u00eate men\u00e9e juste apr\u00e8s cet acte criminel par les \u00e9l\u00e9ments de la police judiciaire relevant de la S\u00fbret\u00e9 de wilaya de A\u00efn T\u00e9mouchent pour identifier le ou [&hellip;]<\/p>\n","protected":false},"author":1742,"featured_media":0,"comment_status":"closed","ping_status":"closed","sticky":false,"template":"","format":"standard","meta":{"fifu_image_url":"","fifu_image_alt":"","footnotes":""},"categories":[73,53],"tags":[],"class_list":["post-66100","post","type-post","status-publish","format-standard","hentry","category-actualite","category-algerie"],"_links":{"self":[{"href":"https:\/\/linitiative.ca\/International\/wp-json\/wp\/v2\/posts\/66100","targetHints":{"allow":["GET"]}}],"collection":[{"href":"https:\/\/linitiative.ca\/International\/wp-json\/wp\/v2\/posts"}],"about":[{"href":"https:\/\/linitiative.ca\/International\/wp-json\/wp\/v2\/types\/post"}],"author":[{"embeddable":true,"href":"https:\/\/linitiative.ca\/International\/wp-json\/wp\/v2\/users\/1742"}],"replies":[{"embeddable":true,"href":"https:\/\/linitiative.ca\/International\/wp-json\/wp\/v2\/comments?post=66100"}],"version-history":[{"count":0,"href":"https:\/\/linitiative.ca\/International\/wp-json\/wp\/v2\/posts\/66100\/revisions"}],"wp:attachment":[{"href":"https:\/\/linitiative.ca\/International\/wp-json\/wp\/v2\/media?parent=66100"}],"wp:term":[{"taxonomy":"category","embeddable":true,"href":"https:\/\/linitiative.ca\/International\/wp-json\/wp\/v2\/categories?post=66100"},{"taxonomy":"post_tag","embeddable":true,"href":"https:\/\/linitiative.ca\/International\/wp-json\/wp\/v2\/tags?post=66100"}],"curies":[{"name":"wp","href":"https:\/\/api.w.org\/{rel}","templated":true}]}}