{"id":66101,"date":"2019-10-30T18:07:02","date_gmt":"2019-10-30T22:07:02","guid":{"rendered":"https:\/\/linitiative.ca\/International\/ficls-rencontre-debat-avec-le-scenariste-hamid-benani\/"},"modified":"2019-10-30T18:07:02","modified_gmt":"2019-10-30T22:07:02","slug":"ficls-rencontre-debat-avec-le-scenariste-hamid-benani","status":"publish","type":"post","link":"https:\/\/linitiative.ca\/International\/ficls-rencontre-debat-avec-le-scenariste-hamid-benani\/","title":{"rendered":"FICLS: Rencontre-d\u00e9bat avec le sc\u00e9nariste Hamid B\u00e9nani"},"content":{"rendered":"<div readability=\"38\">\n<p>ES : Sofia El Aouni<br \/>Safi \u2013 Une rencontre ouverte en pr\u00e9sence de l\u2019\u00e9crivain et sc\u00e9nariste Hamid B\u00e9nani s\u2019est tenue mercredi \u00e0 la biblioth\u00e8que r\u00e9gionale de Safi, en pr\u00e9sence d\u2019une palette d\u2019artistes, d\u2019\u00e9crivains et critiques de cin\u00e9ma, dans le cadre des activit\u00e9s du Festival international litt\u00e9rature et cin\u00e9ma (FILCS).<\/p>\n<\/div>\n<div readability=\"93\">\n<p>Ce d\u00e9bat ouvert a \u00e9t\u00e9 l\u2019occasion pour discuter de l\u2019exp\u00e9rience du r\u00e9alisateur originaire de la ville de Mekn\u00e8s qui, avec son premier long m\u00e9trage Wechma (Traces), b\u00e9n\u00e9ficia d\u2019une grande notori\u00e9t\u00e9 au Maroc.<\/p>\n<p>Dans une d\u00e9claration \u00e0 la MAP, Hamid B\u00e9nani a relev\u00e9 que cette rencontre ouverte lui a permis de s\u2019ouvrir sur le public safiot. \u00ab\u00a0Cette rencontre a \u00e9t\u00e9 un moment propice pour d\u00e9battre de mes r\u00e9alisations et entamer une analyse de mes films en pr\u00e9sence de personnalit\u00e9s du monde du cin\u00e9ma\u00a0\u00bb, a-t-il dit.<\/p>\n<p>\u201cWeshma\u201d, qui est un film dramatique paru en 1970, relate l\u2019histoire du jeune Messaoud, opprim\u00e9 \u00e0 la fois par son milieu familial et par une soci\u00e9t\u00e9 scl\u00e9ros\u00e9e. Il s\u2019engage sur la voie de la d\u00e9linquance qui le m\u00e8nera vers une fin tragique.<\/p>\n<p>Ce premier film de Hamid B\u00e9nani est une \u0153uvre novatrice qui sort du sch\u00e9ma narratif classique, avec des s\u00e9quences longues et contemplatives, des entrelacements et des effets de miroir th\u00e9matiques et temporels.<\/p>\n<p>En plus de ces rencontres, le Festival international cin\u00e9ma et litt\u00e9rature de Safi a offert la possibilit\u00e9 aux cin\u00e9philes amoureux de la litt\u00e9rature de d\u00e9couvrir les films projet\u00e9s dans le cadre de la programmation, \u00e0 travers leurs sources litt\u00e9raires.<\/p>\n<p>En outre, ce stand \u00e9tait une fen\u00eatre pour d\u00e9couvrir les \u0153uvres d\u2019\u00e9crivains qui marquent ou ont marqu\u00e9 la sc\u00e8ne litt\u00e9raire moderne, notamment Bahaa Trabelsi avec son roman intitul\u00e9 \u201cLa chaise du concierge\u201d, Mahi Binebine pour \u201cLes \u00e9toiles de Sidi Moumen\u201d et la pionni\u00e8re du f\u00e9minisme, Fat\u00e9ma Mernissi et son \u0153uvre \u201cR\u00eaves de femmes, conte d\u2019une enfance au Harem\u201d.<\/p>\n<p>La 1\u00e8re \u00e9dition du Festival international cin\u00e9ma et litt\u00e9ratures de Safi, qui se prolonge jusqu\u2019au 31 octobre dans les diff\u00e9rentes r\u00e9gions de la ville, pr\u00e9sente un programme riche est diversifi\u00e9 notamment des projections et d\u00e9bats, des conf\u00e9rences, des Master-class, des rencontres ouvertes avec des r\u00e9alisateurs et auteurs, des hommages \u00e0 des personnalit\u00e9s du cin\u00e9ma et de la litt\u00e9rature, des ateliers de formation au profit des jeunes de la r\u00e9gion, une comp\u00e9tition d\u2019adaptations r\u00e9centes, une r\u00e9trospective des plus int\u00e9ressantes adaptations dans l\u2019histoire du cin\u00e9ma mondial et des projections en plein air.<\/p>\n<p>Le FICLS est organis\u00e9 par l\u2019association Agora pour les Arts et \u00ab\u00a0D&#038;R productions\u00a0\u00bb avec le soutien du minist\u00e8re de la Culture, de la jeunesse et des sport, en partenariat avec le Groupe OCP-Site de Safi, l\u2019Ordre des avocats de Safi et plusieurs autres partenaires.<\/p>\n<\/div>\n<p>Auteur: Meriem IGASS<br \/>\n<a href=\"http:\/\/www.mapmarrakech.ma\/fr\/rencontre\/\">Cliquez ici pour lire l&rsquo;article depuis sa source.<\/a><\/p>\n","protected":false},"excerpt":{"rendered":"<p>ES : Sofia El AouniSafi \u2013 Une rencontre ouverte en pr\u00e9sence de l\u2019\u00e9crivain et sc\u00e9nariste Hamid B\u00e9nani s\u2019est tenue mercredi \u00e0 la biblioth\u00e8que r\u00e9gionale de Safi, en pr\u00e9sence d\u2019une palette d\u2019artistes, d\u2019\u00e9crivains et critiques de cin\u00e9ma, dans le cadre des activit\u00e9s du Festival international litt\u00e9rature et cin\u00e9ma (FILCS). Ce d\u00e9bat ouvert a \u00e9t\u00e9 l\u2019occasion pour [&hellip;]<\/p>\n","protected":false},"author":1788,"featured_media":0,"comment_status":"closed","ping_status":"closed","sticky":false,"template":"","format":"standard","meta":{"fifu_image_url":"","fifu_image_alt":"","footnotes":""},"categories":[54,76],"tags":[],"class_list":["post-66101","post","type-post","status-publish","format-standard","hentry","category-maroc","category-regions"],"_links":{"self":[{"href":"https:\/\/linitiative.ca\/International\/wp-json\/wp\/v2\/posts\/66101","targetHints":{"allow":["GET"]}}],"collection":[{"href":"https:\/\/linitiative.ca\/International\/wp-json\/wp\/v2\/posts"}],"about":[{"href":"https:\/\/linitiative.ca\/International\/wp-json\/wp\/v2\/types\/post"}],"author":[{"embeddable":true,"href":"https:\/\/linitiative.ca\/International\/wp-json\/wp\/v2\/users\/1788"}],"replies":[{"embeddable":true,"href":"https:\/\/linitiative.ca\/International\/wp-json\/wp\/v2\/comments?post=66101"}],"version-history":[{"count":0,"href":"https:\/\/linitiative.ca\/International\/wp-json\/wp\/v2\/posts\/66101\/revisions"}],"wp:attachment":[{"href":"https:\/\/linitiative.ca\/International\/wp-json\/wp\/v2\/media?parent=66101"}],"wp:term":[{"taxonomy":"category","embeddable":true,"href":"https:\/\/linitiative.ca\/International\/wp-json\/wp\/v2\/categories?post=66101"},{"taxonomy":"post_tag","embeddable":true,"href":"https:\/\/linitiative.ca\/International\/wp-json\/wp\/v2\/tags?post=66101"}],"curies":[{"name":"wp","href":"https:\/\/api.w.org\/{rel}","templated":true}]}}