{"id":66102,"date":"2019-10-31T05:33:52","date_gmt":"2019-10-31T09:33:52","guid":{"rendered":"https:\/\/linitiative.ca\/International\/imlil-peines-confirmees-en-appel-pour-trois-accuses\/"},"modified":"2019-10-31T05:33:52","modified_gmt":"2019-10-31T09:33:52","slug":"imlil-peines-confirmees-en-appel-pour-trois-accuses","status":"publish","type":"post","link":"https:\/\/linitiative.ca\/International\/imlil-peines-confirmees-en-appel-pour-trois-accuses\/","title":{"rendered":"Imlil: Peines confirm\u00e9es en appel pour trois accus\u00e9s"},"content":{"rendered":"<div readability=\"38\">\n<p>Sal\u00e9 \u2013 La Chambre criminelle (2-\u00e8me degr\u00e9) charg\u00e9e des affaires du terrorisme pr\u00e8s l\u2019annexe de la Cour d\u2019appel \u00e0 Sal\u00e9 a confirm\u00e9, mercredi soir, la peine de mort prononc\u00e9e en premi\u00e8re instance contre les trois principaux accus\u00e9s pour le meurtre des deux touristes scandinaves dans la r\u00e9gion d\u2019Imlil, province d\u2019El-Haouz.<\/p>\n<\/div>\n<div readability=\"71\">\n<p>La Cour a \u00e9galement d\u00e9cid\u00e9 de commuer en peine capitale la condamnation \u00e0 la prison \u00e0 perp\u00e9tuit\u00e9 contre l\u2019un des individus poursuivis dans cette affaire.<\/p>\n<p>La juridiction a en effet confirm\u00e9 la peine capitale pour Rachid Afatti, Youn\u00e8s Ouziad et Abdessamad Eljoud, alors que Abderrahmane Khiyali a \u00e9t\u00e9 condamn\u00e9 \u00e0 mort, sachant qu\u2019il avait \u00e9cop\u00e9 en premi\u00e8re instance d\u2019une peine d\u2019emprisonnement \u00e0 perp\u00e9tuit\u00e9.<\/p>\n<p>En outre, elle a confirm\u00e9 les jugements d\u00e9j\u00e0 prononc\u00e9s contre les autres accus\u00e9s, condamn\u00e9s \u00e0 des peines allant de cinq \u00e0 30 ans de prison ferme, tout en portant de 15 \u00e0 20 ans d\u2019emprisonnement la peine \u00e0 l\u2019encontre de Abdesslam Idrissi.<\/p>\n<p>L\u2019avocat Khalid Fattaoui, qui repr\u00e9sentait l\u2019une des victimes, a mis en avant le bienfond\u00e9 des verdicts rendus dans l\u2019affaire, soulignant qu\u2019ils sont proportionnels avec les crimes commis par les accus\u00e9s.<\/p>\n<p>La Cour, a-t-il dit, a assur\u00e9 toutes les garanties de la d\u00e9fense pour toutes les parties tout comme elle s\u2019est bas\u00e9e dans ses d\u00e9cisions sur les preuves pr\u00e9sent\u00e9es et le d\u00e9roulement des d\u00e9bats.<\/p>\n<p>Les accus\u00e9s \u00e9taient poursuivis pour \u00ab\u00a0constitution d\u2019une bande pour pr\u00e9parer et commettre des actes terroristes, atteinte \u00e0 la vie de personnes avec pr\u00e9m\u00e9ditation, possession d\u2019armes \u00e0 feu et tentative de fabrication d\u2019explosifs en violation de la loi, dans le cadre d\u2019un projet collectif visant \u00e0 porter gravement atteinte \u00e0 l\u2019ordre public\u00a0\u00bb.<\/p>\n<p>Les accus\u00e9s disposent d\u2019un d\u00e9lai de 10 jours pour interjeter recours contre les jugements en appel devant la Cour de cassation.<\/p>\n<\/div>\n<p>Auteur: Meriem IGASS<br \/>\n<a href=\"http:\/\/www.mapmarrakech.ma\/fr\/imlil-2\/\">Cliquez ici pour lire l&rsquo;article depuis sa source.<\/a><\/p>\n","protected":false},"excerpt":{"rendered":"<p>Sal\u00e9 \u2013 La Chambre criminelle (2-\u00e8me degr\u00e9) charg\u00e9e des affaires du terrorisme pr\u00e8s l\u2019annexe de la Cour d\u2019appel \u00e0 Sal\u00e9 a confirm\u00e9, mercredi soir, la peine de mort prononc\u00e9e en premi\u00e8re instance contre les trois principaux accus\u00e9s pour le meurtre des deux touristes scandinaves dans la r\u00e9gion d\u2019Imlil, province d\u2019El-Haouz. La Cour a \u00e9galement d\u00e9cid\u00e9 [&hellip;]<\/p>\n","protected":false},"author":1788,"featured_media":0,"comment_status":"closed","ping_status":"closed","sticky":false,"template":"","format":"standard","meta":{"fifu_image_url":"","fifu_image_alt":"","footnotes":""},"categories":[54,76],"tags":[],"class_list":["post-66102","post","type-post","status-publish","format-standard","hentry","category-maroc","category-regions"],"_links":{"self":[{"href":"https:\/\/linitiative.ca\/International\/wp-json\/wp\/v2\/posts\/66102","targetHints":{"allow":["GET"]}}],"collection":[{"href":"https:\/\/linitiative.ca\/International\/wp-json\/wp\/v2\/posts"}],"about":[{"href":"https:\/\/linitiative.ca\/International\/wp-json\/wp\/v2\/types\/post"}],"author":[{"embeddable":true,"href":"https:\/\/linitiative.ca\/International\/wp-json\/wp\/v2\/users\/1788"}],"replies":[{"embeddable":true,"href":"https:\/\/linitiative.ca\/International\/wp-json\/wp\/v2\/comments?post=66102"}],"version-history":[{"count":0,"href":"https:\/\/linitiative.ca\/International\/wp-json\/wp\/v2\/posts\/66102\/revisions"}],"wp:attachment":[{"href":"https:\/\/linitiative.ca\/International\/wp-json\/wp\/v2\/media?parent=66102"}],"wp:term":[{"taxonomy":"category","embeddable":true,"href":"https:\/\/linitiative.ca\/International\/wp-json\/wp\/v2\/categories?post=66102"},{"taxonomy":"post_tag","embeddable":true,"href":"https:\/\/linitiative.ca\/International\/wp-json\/wp\/v2\/tags?post=66102"}],"curies":[{"name":"wp","href":"https:\/\/api.w.org\/{rel}","templated":true}]}}