{"id":66106,"date":"2019-10-31T08:47:19","date_gmt":"2019-10-31T12:47:19","guid":{"rendered":"https:\/\/linitiative.ca\/International\/oran-inauguration-dun-siege-dune-delegation-communale-et-dun-groupe-scolaire\/"},"modified":"2019-10-31T08:47:19","modified_gmt":"2019-10-31T12:47:19","slug":"oran-inauguration-dun-siege-dune-delegation-communale-et-dun-groupe-scolaire","status":"publish","type":"post","link":"https:\/\/linitiative.ca\/International\/oran-inauguration-dun-siege-dune-delegation-communale-et-dun-groupe-scolaire\/","title":{"rendered":"Oran : inauguration d\u2019un si\u00e8ge d&rsquo;une d\u00e9l\u00e9gation communale et d\u2019un groupe scolaire"},"content":{"rendered":"<div readability=\"38\">\n<p><strong>ORAN- Le si\u00e8ge d\u2019une d\u00e9l\u00e9gation communale et un groupe scolaire ont \u00e9t\u00e9 inaugur\u00e9s, jeudi \u00e0 Oran, outre la baptisation d\u2019une unit\u00e9 de la protection civile du nom d\u2019un ancien moudjahid, \u00e0 l\u2019occasion de la\u00a0c\u00e9l\u00e9bration du 65e anniversaire du d\u00e9clenchement de la guerre de lib\u00e9ration nationale.<\/strong><\/p>\n<\/div>\n<div readability=\"92\">\n<p>Le si\u00e8ge de la d\u00e9l\u00e9gation communale de Ha\u00ef Akid Lotfi a \u00e9t\u00e9 inaugur\u00e9, jeudi, par le Secr\u00e9taire G\u00e9n\u00e9ral de la Wilaya d\u2019Oran, Si Ali Meddah. Cette infrastructure vient \u00e0 point nomm\u00e9 dans ce nouveau quartier d\u2019Oran-Est qui manquait, jusque-l\u00e0, d\u2019une administration communale devant r\u00e9pondre aux\u00a0besoins des administr\u00e9s.<\/p>\n<p>L\u2019ouverture de cette d\u00e9l\u00e9gation communale marque le d\u00e9but de concr\u00e9tisation de l\u2019\u00e9largissement des d\u00e9l\u00e9gations (ex-secteurs urbains) \u00e0 18 d\u00e9l\u00e9gations, au lieu des 12 actuellement, dans le cadre d\u2019un nouveau d\u00e9coupage administratif de l\u2019APC d\u2019Oran, qui devra satisfaire les besoins de la population.<\/p>\n<p>Cinq autres d\u00e9l\u00e9gations communales sont attendues, dans l\u2019avenir, notamment celles de Ha\u00ef Nasr (ex-Derb), Hammou Boutlelis, Khaldia, El-Badr et Fillaouecen. Elles compl\u00e8teront le nouveau d\u00e9coupage, approuv\u00e9 par le gouvernement, et dont le d\u00e9cret ex\u00e9cutif a \u00e9t\u00e9 promulgu\u00e9 en septembre dernier. Ces d\u00e9l\u00e9gations seront ouvertes en fonction de la disponibilit\u00e9 des locaux, indique-t-on.<\/p>\n<p>Il s&rsquo;agira \u00e0 travers cette nouvelle organisation, de doter la capitale de l&rsquo;Ouest de structures administratives \u00e0 m\u00eame de prendre en charge efficacement les missions de service public et de mieux r\u00e9pondre aux\u00a0exigences du d\u00e9veloppement local, dans le cadre du renforcement de la d\u00e9centralisation et de la d\u00e9mocratie participative, ainsi que le rapprochement de l&rsquo;administration du citoyen.<\/p>\n<p>Par ailleurs, un groupe scolaire de 12 classes a \u00e9t\u00e9 inaugur\u00e9 \u00e0 la cit\u00e9 AADL 1200 logements d\u2019A\u00efn El Beida, commune d\u2019Es-Senia. Il porte le nom du chahid Belhadji Hachemi.<\/p>\n<p>L\u2019unit\u00e9 de la protection civile de Bir El-Djir, sise sur la RN 11 (Oran-Arzew) a \u00e9t\u00e9, pour sa part, baptis\u00e9e du nom d\u2019un ancien moudjahid, feu Miloud Djebli (1935-1985). Sa famille a \u00e9t\u00e9 honor\u00e9e et un exercice de\u00a0simulation du sauvetage d\u2019une personne \u00e0 partir d\u2019une hauteur de plus de 20 m\u00e8tres, a \u00e9t\u00e9 effectu\u00e9 par les sapeurs pompiers.<\/p>\n<p>Ce jeudi soir, une pi\u00e8ce de th\u00e9\u00e2tre intitul\u00e9e \u00ab\u00a0l\u2019Aube et la guillotine\u00a0\u00bb, revisitant l\u2019ex\u00e9cution du chahid Ahmed Zabana, le premier guillotin\u00e9 de la guerre de lib\u00e9ration nationale, sera donn\u00e9e au Th\u00e9\u00e2tre R\u00e9gional d\u2019Oran\u00a0\u00ab\u00a0Abdelkader Alloula\u00a0\u00bb.<\/p>\n<\/div>\n<p>Auteur:<br \/>\n<a href=\"http:\/\/www.aps.dz\/regions\/96662-oran-inauguration-d-un-siege-d-une-delegation-communale-et-d-un-groupe-scolaire\">Cliquez ici pour lire l&rsquo;article depuis sa source.<\/a><\/p>\n","protected":false},"excerpt":{"rendered":"<p>ORAN- Le si\u00e8ge d\u2019une d\u00e9l\u00e9gation communale et un groupe scolaire ont \u00e9t\u00e9 inaugur\u00e9s, jeudi \u00e0 Oran, outre la baptisation d\u2019une unit\u00e9 de la protection civile du nom d\u2019un ancien moudjahid, \u00e0 l\u2019occasion de la\u00a0c\u00e9l\u00e9bration du 65e anniversaire du d\u00e9clenchement de la guerre de lib\u00e9ration nationale. Le si\u00e8ge de la d\u00e9l\u00e9gation communale de Ha\u00ef Akid Lotfi [&hellip;]<\/p>\n","protected":false},"author":1790,"featured_media":0,"comment_status":"closed","ping_status":"closed","sticky":false,"template":"","format":"standard","meta":{"fifu_image_url":"","fifu_image_alt":"","footnotes":""},"categories":[53,76],"tags":[],"class_list":["post-66106","post","type-post","status-publish","format-standard","hentry","category-algerie","category-regions"],"_links":{"self":[{"href":"https:\/\/linitiative.ca\/International\/wp-json\/wp\/v2\/posts\/66106","targetHints":{"allow":["GET"]}}],"collection":[{"href":"https:\/\/linitiative.ca\/International\/wp-json\/wp\/v2\/posts"}],"about":[{"href":"https:\/\/linitiative.ca\/International\/wp-json\/wp\/v2\/types\/post"}],"author":[{"embeddable":true,"href":"https:\/\/linitiative.ca\/International\/wp-json\/wp\/v2\/users\/1790"}],"replies":[{"embeddable":true,"href":"https:\/\/linitiative.ca\/International\/wp-json\/wp\/v2\/comments?post=66106"}],"version-history":[{"count":0,"href":"https:\/\/linitiative.ca\/International\/wp-json\/wp\/v2\/posts\/66106\/revisions"}],"wp:attachment":[{"href":"https:\/\/linitiative.ca\/International\/wp-json\/wp\/v2\/media?parent=66106"}],"wp:term":[{"taxonomy":"category","embeddable":true,"href":"https:\/\/linitiative.ca\/International\/wp-json\/wp\/v2\/categories?post=66106"},{"taxonomy":"post_tag","embeddable":true,"href":"https:\/\/linitiative.ca\/International\/wp-json\/wp\/v2\/tags?post=66106"}],"curies":[{"name":"wp","href":"https:\/\/api.w.org\/{rel}","templated":true}]}}