{"id":66124,"date":"2019-10-30T20:00:00","date_gmt":"2019-10-31T00:00:00","guid":{"rendered":"https:\/\/linitiative.ca\/International\/m-chenine-recoit-lambassadeur-du-vietnam-elargir-la-cooperation\/"},"modified":"2019-10-30T20:00:00","modified_gmt":"2019-10-31T00:00:00","slug":"m-chenine-recoit-lambassadeur-du-vietnam-elargir-la-cooperation","status":"publish","type":"post","link":"https:\/\/linitiative.ca\/International\/m-chenine-recoit-lambassadeur-du-vietnam-elargir-la-cooperation\/","title":{"rendered":"M. Chenine re\u00e7oit l&rsquo;ambassadeur du Vietnam : \u00e9largir la coop\u00e9ration"},"content":{"rendered":"<p>Le pr\u00e9sident de l&rsquo;Assembl\u00e9e populaire nationale, Slimane Chenine, a pass\u00e9 en revue, hier, avec l&rsquo;ambassadeur du Vietnam, Pham Quoc Tru, l&rsquo;\u00e9tat des relations bilat\u00e9rales fond\u00e9es sur les d\u00e9nominateurs communs aux deux pays et remontant \u00e0 la p\u00e9riode des luttes de Lib\u00e9ration des deux peuples. Lors de cette rencontre, les deux parties ont mis l&rsquo;accent sur la qualit\u00e9 des relations bilat\u00e9rales et l&rsquo;imp\u00e9ratif de les approfondir et les \u00e9largir \u00e0 d&rsquo;autres domaines de coop\u00e9ration. La rencontre a \u00e9t\u00e9 l&rsquo;occasion d&rsquo;\u00bb\u00e9changer les vues sur les meilleurs moyens \u00e0 m\u00eame de consolider les relations parlementaires bilat\u00e9rales et l&rsquo;\u00e9change d&rsquo;exp\u00e9riences, outre la concertation autour des questions d&rsquo;int\u00e9r\u00eat commun et la coordination des positions lors des fora r\u00e9gionaux et internationaux\u00bb.<br \/>\u00a0<\/p>\n<p>Auteur: elmoudjahid<br \/>\n<a href=\"http:\/\/www.elmoudjahid.com\/fr\/actualites\/143848\">Cliquez ici pour lire l&rsquo;article depuis sa source.<\/a><\/p>\n","protected":false},"excerpt":{"rendered":"<p>Le pr\u00e9sident de l&rsquo;Assembl\u00e9e populaire nationale, Slimane Chenine, a pass\u00e9 en revue, hier, avec l&rsquo;ambassadeur du Vietnam, Pham Quoc Tru, l&rsquo;\u00e9tat des relations bilat\u00e9rales fond\u00e9es sur les d\u00e9nominateurs communs aux deux pays et remontant \u00e0 la p\u00e9riode des luttes de Lib\u00e9ration des deux peuples. Lors de cette rencontre, les deux parties ont mis l&rsquo;accent sur [&hellip;]<\/p>\n","protected":false},"author":1744,"featured_media":0,"comment_status":"closed","ping_status":"closed","sticky":false,"template":"","format":"standard","meta":{"fifu_image_url":"","fifu_image_alt":"","footnotes":""},"categories":[73,53],"tags":[],"class_list":["post-66124","post","type-post","status-publish","format-standard","hentry","category-actualite","category-algerie"],"_links":{"self":[{"href":"https:\/\/linitiative.ca\/International\/wp-json\/wp\/v2\/posts\/66124","targetHints":{"allow":["GET"]}}],"collection":[{"href":"https:\/\/linitiative.ca\/International\/wp-json\/wp\/v2\/posts"}],"about":[{"href":"https:\/\/linitiative.ca\/International\/wp-json\/wp\/v2\/types\/post"}],"author":[{"embeddable":true,"href":"https:\/\/linitiative.ca\/International\/wp-json\/wp\/v2\/users\/1744"}],"replies":[{"embeddable":true,"href":"https:\/\/linitiative.ca\/International\/wp-json\/wp\/v2\/comments?post=66124"}],"version-history":[{"count":0,"href":"https:\/\/linitiative.ca\/International\/wp-json\/wp\/v2\/posts\/66124\/revisions"}],"wp:attachment":[{"href":"https:\/\/linitiative.ca\/International\/wp-json\/wp\/v2\/media?parent=66124"}],"wp:term":[{"taxonomy":"category","embeddable":true,"href":"https:\/\/linitiative.ca\/International\/wp-json\/wp\/v2\/categories?post=66124"},{"taxonomy":"post_tag","embeddable":true,"href":"https:\/\/linitiative.ca\/International\/wp-json\/wp\/v2\/tags?post=66124"}],"curies":[{"name":"wp","href":"https:\/\/api.w.org\/{rel}","templated":true}]}}