{"id":66125,"date":"2019-10-30T20:00:00","date_gmt":"2019-10-31T00:00:00","guid":{"rendered":"https:\/\/linitiative.ca\/International\/m-bedoui-a-preside-hier-une-reunion-du-gouvernement-transport-sante-et-habitat\/"},"modified":"2019-10-30T20:00:00","modified_gmt":"2019-10-31T00:00:00","slug":"m-bedoui-a-preside-hier-une-reunion-du-gouvernement-transport-sante-et-habitat","status":"publish","type":"post","link":"https:\/\/linitiative.ca\/International\/m-bedoui-a-preside-hier-une-reunion-du-gouvernement-transport-sante-et-habitat\/","title":{"rendered":"M. Bedoui a pr\u00e9sid\u00e9, hier, une r\u00e9union du Gouvernement  : Transport, sant\u00e9 et habitat"},"content":{"rendered":"<p><strong>Le Premier ministre, Noureddine Bedoui, a pr\u00e9sid\u00e9, hier, une r\u00e9union du gouvernement consacr\u00e9e \u00e0 plusieurs secteurs, indique un communiqu\u00e9 des services du Premier ministre.<\/strong><\/p>\n<p>Lors de la r\u00e9union, il a \u00e9t\u00e9 proc\u00e9d\u00e9 \u00e0 la pr\u00e9sentation et l\u2019approbation de l\u2019avant-projet de loi modifiant la loi d\u2019ao\u00fbt 2001 sur le transport pr\u00e9sid\u00e9 par le ministre des Travaux publics et des Transports. Le texte vise \u00e0 pr\u00e9ciser les modalit\u00e9s de transport des biens et des personnes pour assurer la s\u00e9curit\u00e9 dans ce domaine.<br \/>Le gouvernement a aussi proc\u00e9d\u00e9 \u00e0 l\u2019\u00e9tude et l\u2019approbation d\u2019un d\u00e9cret ex\u00e9cutif sur la cr\u00e9ation de structures de sant\u00e9 pr\u00e9sent\u00e9 par le ministre de la Sant\u00e9. Ce dernier a aussi pr\u00e9sent\u00e9 un rapport sur la concr\u00e9tisation des d\u00e9cisions du gouvernement sur la promotion de la sant\u00e9 au Sud et aux Hauts Plateaux.\u00a0<br \/>Le gouvernement a aussi entendu un rapport sur la situation de tous les programmes de logements publics pr\u00e9sent\u00e9 par le ministre de l\u2019Habitat.<br \/>Le ministre des Finances et d\u2019autres ministres ont pr\u00e9sent\u00e9 un rapport ax\u00e9 sur les moyens de r\u00e9sorber le d\u00e9ficit de la balance des paiements pour pr\u00e9server les r\u00e9serves de changes. Le dossier de l\u2019importation des m\u00e9dicaments, du lait et des c\u00e9r\u00e9ales a \u00e9t\u00e9 abord\u00e9 dans ce contexte.<br \/>Nous y reviendrons dans notre prochaine \u00e9dition.<br \/>\u00a0<\/p>\n<p>Auteur: elmoudjahid<br \/>\n<a href=\"http:\/\/www.elmoudjahid.com\/fr\/actualites\/143849\">Cliquez ici pour lire l&rsquo;article depuis sa source.<\/a><\/p>\n","protected":false},"excerpt":{"rendered":"<p>Le Premier ministre, Noureddine Bedoui, a pr\u00e9sid\u00e9, hier, une r\u00e9union du gouvernement consacr\u00e9e \u00e0 plusieurs secteurs, indique un communiqu\u00e9 des services du Premier ministre. Lors de la r\u00e9union, il a \u00e9t\u00e9 proc\u00e9d\u00e9 \u00e0 la pr\u00e9sentation et l\u2019approbation de l\u2019avant-projet de loi modifiant la loi d\u2019ao\u00fbt 2001 sur le transport pr\u00e9sid\u00e9 par le ministre des Travaux [&hellip;]<\/p>\n","protected":false},"author":1744,"featured_media":0,"comment_status":"closed","ping_status":"closed","sticky":false,"template":"","format":"standard","meta":{"fifu_image_url":"","fifu_image_alt":"","footnotes":""},"categories":[73,53],"tags":[],"class_list":["post-66125","post","type-post","status-publish","format-standard","hentry","category-actualite","category-algerie"],"_links":{"self":[{"href":"https:\/\/linitiative.ca\/International\/wp-json\/wp\/v2\/posts\/66125","targetHints":{"allow":["GET"]}}],"collection":[{"href":"https:\/\/linitiative.ca\/International\/wp-json\/wp\/v2\/posts"}],"about":[{"href":"https:\/\/linitiative.ca\/International\/wp-json\/wp\/v2\/types\/post"}],"author":[{"embeddable":true,"href":"https:\/\/linitiative.ca\/International\/wp-json\/wp\/v2\/users\/1744"}],"replies":[{"embeddable":true,"href":"https:\/\/linitiative.ca\/International\/wp-json\/wp\/v2\/comments?post=66125"}],"version-history":[{"count":0,"href":"https:\/\/linitiative.ca\/International\/wp-json\/wp\/v2\/posts\/66125\/revisions"}],"wp:attachment":[{"href":"https:\/\/linitiative.ca\/International\/wp-json\/wp\/v2\/media?parent=66125"}],"wp:term":[{"taxonomy":"category","embeddable":true,"href":"https:\/\/linitiative.ca\/International\/wp-json\/wp\/v2\/categories?post=66125"},{"taxonomy":"post_tag","embeddable":true,"href":"https:\/\/linitiative.ca\/International\/wp-json\/wp\/v2\/tags?post=66125"}],"curies":[{"name":"wp","href":"https:\/\/api.w.org\/{rel}","templated":true}]}}