{"id":66147,"date":"2019-10-31T06:00:00","date_gmt":"2019-10-31T10:00:00","guid":{"rendered":"https:\/\/linitiative.ca\/International\/bien-mastiquer-permet-de-manger-moins\/"},"modified":"2019-10-31T06:00:00","modified_gmt":"2019-10-31T10:00:00","slug":"bien-mastiquer-permet-de-manger-moins","status":"publish","type":"post","link":"https:\/\/linitiative.ca\/International\/bien-mastiquer-permet-de-manger-moins\/","title":{"rendered":"Bien mastiquer permet de manger moins"},"content":{"rendered":"<p><a href=\"\/profil\/maamar-farah\"\/><\/p>\n<p class=\"type-text\">Les choses de la vie<\/p>\n<p class=\"author-date\"><a href=\"\/profil\/maamar-farah\"><strong>Ma\u00e2mar Farah<\/strong><\/a> &#8211; 31\/10\/2019<\/p>\n<p><a href=\"\/les-choses-de-la-vie\/la-sixieme-mort-du-calife-al-baghdadi-32788\"\/><\/p>\n<p class=\"title-text\">La sixi\u00e8me mort du calife Al-Baghdadi<\/p>\n<p><a href=\"\/les-choses-de-la-vie\/la-sixieme-mort-du-calife-al-baghdadi-32788\"\/><\/p>\n<p class=\"paragraph\">Mort cinq fois d\u00e9j\u00e0, le calife autoproclam\u00e9 de Daesh vient de dispara\u00eetre, une \u00e9ni\u00e8me fois, suite \u00e0 une attaque sortie tout droit d&rsquo;un rocambolesque sc\u00e9nario hollywoodien<\/p>\n<p>Auteur:<br \/>\n<a href=\"https:\/\/www.lesoirdalgerie.com\/femme-magazine\/bien-mastiquer-permet-de-manger-moins-32769\">Cliquez ici pour lire l&rsquo;article depuis sa source.<\/a><\/p>\n","protected":false},"excerpt":{"rendered":"<p>Les choses de la vie Ma\u00e2mar Farah &#8211; 31\/10\/2019 La sixi\u00e8me mort du calife Al-Baghdadi Mort cinq fois d\u00e9j\u00e0, le calife autoproclam\u00e9 de Daesh vient de dispara\u00eetre, une \u00e9ni\u00e8me fois, suite \u00e0 une attaque sortie tout droit d&rsquo;un rocambolesque sc\u00e9nario hollywoodien Auteur: Cliquez ici pour lire l&rsquo;article depuis sa source.<\/p>\n","protected":false},"author":1741,"featured_media":0,"comment_status":"closed","ping_status":"closed","sticky":false,"template":"","format":"standard","meta":{"fifu_image_url":"","fifu_image_alt":"","footnotes":""},"categories":[73,53],"tags":[],"class_list":["post-66147","post","type-post","status-publish","format-standard","hentry","category-actualite","category-algerie"],"_links":{"self":[{"href":"https:\/\/linitiative.ca\/International\/wp-json\/wp\/v2\/posts\/66147","targetHints":{"allow":["GET"]}}],"collection":[{"href":"https:\/\/linitiative.ca\/International\/wp-json\/wp\/v2\/posts"}],"about":[{"href":"https:\/\/linitiative.ca\/International\/wp-json\/wp\/v2\/types\/post"}],"author":[{"embeddable":true,"href":"https:\/\/linitiative.ca\/International\/wp-json\/wp\/v2\/users\/1741"}],"replies":[{"embeddable":true,"href":"https:\/\/linitiative.ca\/International\/wp-json\/wp\/v2\/comments?post=66147"}],"version-history":[{"count":0,"href":"https:\/\/linitiative.ca\/International\/wp-json\/wp\/v2\/posts\/66147\/revisions"}],"wp:attachment":[{"href":"https:\/\/linitiative.ca\/International\/wp-json\/wp\/v2\/media?parent=66147"}],"wp:term":[{"taxonomy":"category","embeddable":true,"href":"https:\/\/linitiative.ca\/International\/wp-json\/wp\/v2\/categories?post=66147"},{"taxonomy":"post_tag","embeddable":true,"href":"https:\/\/linitiative.ca\/International\/wp-json\/wp\/v2\/tags?post=66147"}],"curies":[{"name":"wp","href":"https:\/\/api.w.org\/{rel}","templated":true}]}}