{"id":66184,"date":"2019-11-01T06:29:58","date_gmt":"2019-11-01T10:29:58","guid":{"rendered":"https:\/\/linitiative.ca\/International\/la-cgem-union-souss-massa-en-conclave\/"},"modified":"2019-11-01T06:29:58","modified_gmt":"2019-11-01T10:29:58","slug":"la-cgem-union-souss-massa-en-conclave","status":"publish","type":"post","link":"https:\/\/linitiative.ca\/International\/la-cgem-union-souss-massa-en-conclave\/","title":{"rendered":"La CGEM\/Union Souss Massa en conclave"},"content":{"rendered":"<p class=\"has-text-color has-vivid-red-color c2\"><strong>Grande campagne de sensibilisation<\/strong><\/p>\n<p class=\"has-text-color has-vivid-cyan-blue-color\"><strong>Au lendemain du discours Royal, adress\u00e9 aux parlementaires des deux chambres, \u00e0 l\u2019occasion de l\u2019ouverture de la nouvelle session automnale de l\u2019h\u00e9micycle, mais aussi \u00e0 toutes les composantes de la Nation autour de l\u2019encouragement de l\u2019entreprise marocaine, l\u2019Union R\u00e9gionale Souss Massa de la Conf\u00e9d\u00e9ration G\u00e9n\u00e9rales des Entreprises du Maroc (CGEM), a entam\u00e9, il y a juste quelques temps, une initiative de grande envergure.<\/strong><\/p>\n<p>Il s\u2019agit d\u2019une caravane de sensibilisation qui concerne respectivement toutes les\u00a0 provinces de la r\u00e9gion, \u00e0 commencer par Taroudant qui a connu un succ\u00e8s \u00e9clatant. En effet, en collaboration avec nombre de partenaires, la commission PME\/TPME, \u00e0 solliciter l\u2019implication de plusieurs organismes de financement (CCG, CRI, ANAPEC, MAROC PME, OFFPT, BARID BANK, RME\u2026) pour qu\u2019ils prennent part \u00e0 cette campagne d\u2019envergure et mettent en \u0153uvre cette initiative visant \u00e0 encourager les petites et moyennes entreprises. Cette premi\u00e8re \u00e9tape qui a eu lieu mardi dernier \u00e0 la ville imp\u00e9riale de Taroudant a \u00e9t\u00e9 de bon augure du fait de l\u2019adh\u00e9sion de toutes les parties concern\u00e9 aussi bien les entrepreneurs que les pourvoyeurs de fonds.<\/p>\n<p>Il faut dire que cette premi\u00e8re dans la annales de la CGEM Union R\u00e9gionale, conduite par l\u2019omnipr\u00e9sent Najid Joundy, pr\u00e9sident de cette dynamique structure, ambitionne tout d\u2019abord de mettre en application les instructions Royales, pour permettre aux PME d\u2019am\u00e9liorer leur entreprises, de par la connaissance et la facilit\u00e9 dont elles sont dot\u00e9es \u00e0 travers ces rencontre de haute importance tant civique que professionnelle. C\u2019est une r\u00e9elle opportunit\u00e9 pour ces jeunes entrepreneurs en qu\u00eate de m\u00e9canismes et de proc\u00e9d\u00e9s de financement et aux divers programmes d\u2019appui et de soutien aux investissements et d\u2019acc\u00e8s techniques en faveur de petites et de moyennes\u00a0 entreprises.<\/p>\n<p>Apr\u00e8s Taroudant, \u00e0 la salle de l\u2019INDH, la caravane de sensibilisation \u00e9tait hier au centre socioculturel \u00e0 Tata, avant d\u2019atterrir aujourd\u2019hui, 31 octobre, \u00e0 l\u2019institut sp\u00e9cialis\u00e9 de technologie appliqu\u00e9e (ISTA), \u00e0 Tiznit et puis au centre culturel Daid Achtouk, le m\u00eame jour \u00e0 Bouchra, dans la province de Chtouka Ait Baha. Cette tourn\u00e9e de grande qualit\u00e9 formative et mobilisatrice a \u00e9t\u00e9, point par point, tr\u00e8s appr\u00e9ci\u00e9e par les b\u00e9n\u00e9ficiaires, d\u2019autant plus qu\u2019elle advient \u00e0 un pont nomm\u00e9 de la situation entrepreneuriale du pays. C\u2019est en effet, une occasion de communier les entrepreneurs et les instances financi\u00e8res dans une synergie porteuse d\u2019espoir et d\u2019horizon salutaires, en vue de contribuer ensemble au d\u00e9veloppement du pays.<\/p>\n<p class=\"c3\"><strong>Saoudi El Amalki<\/strong><\/p>\n<p>Auteur: M&rsquo;hammed rahal<br \/>\n<a href=\"http:\/\/albayane.press.ma\/la-cgem-union-souss-massa-en-conclave.html\">Cliquez ici pour lire l&rsquo;article depuis sa source.<\/a><\/p>\n","protected":false},"excerpt":{"rendered":"<p>Grande campagne de sensibilisation Au lendemain du discours Royal, adress\u00e9 aux parlementaires des deux chambres, \u00e0 l\u2019occasion de l\u2019ouverture de la nouvelle session automnale de l\u2019h\u00e9micycle, mais aussi \u00e0 toutes les composantes de la Nation autour de l\u2019encouragement de l\u2019entreprise marocaine, l\u2019Union R\u00e9gionale Souss Massa de la Conf\u00e9d\u00e9ration G\u00e9n\u00e9rales des Entreprises du Maroc (CGEM), a [&hellip;]<\/p>\n","protected":false},"author":1760,"featured_media":0,"comment_status":"closed","ping_status":"closed","sticky":false,"template":"","format":"standard","meta":{"fifu_image_url":"","fifu_image_alt":"","footnotes":""},"categories":[73,54],"tags":[],"class_list":["post-66184","post","type-post","status-publish","format-standard","hentry","category-actualite","category-maroc"],"_links":{"self":[{"href":"https:\/\/linitiative.ca\/International\/wp-json\/wp\/v2\/posts\/66184","targetHints":{"allow":["GET"]}}],"collection":[{"href":"https:\/\/linitiative.ca\/International\/wp-json\/wp\/v2\/posts"}],"about":[{"href":"https:\/\/linitiative.ca\/International\/wp-json\/wp\/v2\/types\/post"}],"author":[{"embeddable":true,"href":"https:\/\/linitiative.ca\/International\/wp-json\/wp\/v2\/users\/1760"}],"replies":[{"embeddable":true,"href":"https:\/\/linitiative.ca\/International\/wp-json\/wp\/v2\/comments?post=66184"}],"version-history":[{"count":0,"href":"https:\/\/linitiative.ca\/International\/wp-json\/wp\/v2\/posts\/66184\/revisions"}],"wp:attachment":[{"href":"https:\/\/linitiative.ca\/International\/wp-json\/wp\/v2\/media?parent=66184"}],"wp:term":[{"taxonomy":"category","embeddable":true,"href":"https:\/\/linitiative.ca\/International\/wp-json\/wp\/v2\/categories?post=66184"},{"taxonomy":"post_tag","embeddable":true,"href":"https:\/\/linitiative.ca\/International\/wp-json\/wp\/v2\/tags?post=66184"}],"curies":[{"name":"wp","href":"https:\/\/api.w.org\/{rel}","templated":true}]}}