{"id":66186,"date":"2019-11-01T06:52:28","date_gmt":"2019-11-01T10:52:28","guid":{"rendered":"https:\/\/linitiative.ca\/International\/bayane-sa-loubna-el-fadili-nouvelle-responsable-des-ressources-humaines\/"},"modified":"2019-11-01T06:52:28","modified_gmt":"2019-11-01T10:52:28","slug":"bayane-sa-loubna-el-fadili-nouvelle-responsable-des-ressources-humaines","status":"publish","type":"post","link":"https:\/\/linitiative.ca\/International\/bayane-sa-loubna-el-fadili-nouvelle-responsable-des-ressources-humaines\/","title":{"rendered":"Bayane SA: Loubna El Fadili, nouvelle responsable des ressources humaines"},"content":{"rendered":"<p class=\"has-text-color has-vivid-cyan-blue-color\"><strong>La soci\u00e9t\u00e9 Bayane SA, \u00e9ditrice des journaux Al Bayane et Bayane Al Yaoum, a organis\u00e9 un pot de d\u00e9part en l\u2019honneur de Zineb Salhi Cherkaoui, qui a occup\u00e9 le poste de responsable de ressources humaines au sein de la soci\u00e9t\u00e9 pendant trois ans.<\/strong><\/p>\n<p>Zineb Salhi Cherkaoui, \u00a0qui vient de quitter \u00a0Bayane SA pour vivre une nouvelle exp\u00e9rience dans sa carri\u00e8re,\u00a0 s\u2019est distingu\u00e9e par sa conduite exemplaire, \u00a0son professionnalisme et ses comp\u00e9tences confirm\u00e9es en gestion des ressources humaines et surtout par ses qualit\u00e9s humaines et son sens de l\u2019\u00e9coute et du partage.<\/p>\n<p>A cette occasion,\u00a0 le pr\u00e9sident du directoire de l\u2019entreprise, Mahtat Rakas, a tenu, dans une allocution improvis\u00e9e \u00e0 cette occasion, a lou\u00e9 les qualit\u00e9s humaines et professionnelles de \u00a0Zineb Salhi Cherkaoui tout en lui souhaitant du succ\u00e8s aussi bien dans sa nouvelle aventure que dans sa vie priv\u00e9e.<\/p>\n<p>Prenant la parole,\u00a0 Hassan Arabi, secr\u00e9taire du bureau du syndicat (SNPM) a remerci\u00e9,\u00a0 au nom de tous les journalistes et employ\u00e9s de l\u2019entreprise,\u00a0 Mlle Cherkaoui pour son sens professionnel, ses qualit\u00e9s humaines \u00a0et son soutien \u00e0 l\u2019ensemble du personnel de l\u2019entreprise et des instances repr\u00e9sentatives du personnel.<\/p>\n<p>A cette occasion, des pr\u00e9sents symboliques ont \u00e9t\u00e9 remis \u00e0 Mlle Cherkaoui au nom du personnel et de l\u2019administration, en signe d\u2019amiti\u00e9 et de reconnaissance \u00e0 son travail distingu\u00e9e et ses efforts consentis en faveur de la soci\u00e9t\u00e9.<\/p>\n<p>Par la suite, le pr\u00e9sident du directoire, Mahtat Rakas a pr\u00e9sent\u00e9 aux employ\u00e9s, Mlle \u00a0Loubna El Fadili,\u00a0 nouvelle responsable des ressources humaines, \u00a0a qui il a souhait\u00e9 plein succ\u00e8s dans sa nouvelle mission et ce sous la responsabilit\u00e9 directe de Mohamed Bourraoui, membre du directoire et directeur administratif et financier.<\/p>\n<p>Cette rencontre s\u2019est d\u00e9roul\u00e9e dans une ambiance conviviale et familiale, synonyme d\u2019un engagement collectif et g\u00e9n\u00e9reux pour maintenir des bonnes relations de travail au sein de l\u2019\u00e9tablissement.<\/p>\n<p class=\"c2\"><strong>(La R\u00e9daction)<\/strong><\/p>\n<p>Auteur: M&rsquo;hammed rahal<br \/>\n<a href=\"http:\/\/albayane.press.ma\/bayane-sa-loubna-el-fadili-nouvelle-responsable-des-ressources-humaines.html\">Cliquez ici pour lire l&rsquo;article depuis sa source.<\/a><\/p>\n","protected":false},"excerpt":{"rendered":"<p>La soci\u00e9t\u00e9 Bayane SA, \u00e9ditrice des journaux Al Bayane et Bayane Al Yaoum, a organis\u00e9 un pot de d\u00e9part en l\u2019honneur de Zineb Salhi Cherkaoui, qui a occup\u00e9 le poste de responsable de ressources humaines au sein de la soci\u00e9t\u00e9 pendant trois ans. Zineb Salhi Cherkaoui, \u00a0qui vient de quitter \u00a0Bayane SA pour vivre une [&hellip;]<\/p>\n","protected":false},"author":1760,"featured_media":0,"comment_status":"closed","ping_status":"closed","sticky":false,"template":"","format":"standard","meta":{"fifu_image_url":"","fifu_image_alt":"","footnotes":""},"categories":[73,54],"tags":[],"class_list":["post-66186","post","type-post","status-publish","format-standard","hentry","category-actualite","category-maroc"],"_links":{"self":[{"href":"https:\/\/linitiative.ca\/International\/wp-json\/wp\/v2\/posts\/66186","targetHints":{"allow":["GET"]}}],"collection":[{"href":"https:\/\/linitiative.ca\/International\/wp-json\/wp\/v2\/posts"}],"about":[{"href":"https:\/\/linitiative.ca\/International\/wp-json\/wp\/v2\/types\/post"}],"author":[{"embeddable":true,"href":"https:\/\/linitiative.ca\/International\/wp-json\/wp\/v2\/users\/1760"}],"replies":[{"embeddable":true,"href":"https:\/\/linitiative.ca\/International\/wp-json\/wp\/v2\/comments?post=66186"}],"version-history":[{"count":0,"href":"https:\/\/linitiative.ca\/International\/wp-json\/wp\/v2\/posts\/66186\/revisions"}],"wp:attachment":[{"href":"https:\/\/linitiative.ca\/International\/wp-json\/wp\/v2\/media?parent=66186"}],"wp:term":[{"taxonomy":"category","embeddable":true,"href":"https:\/\/linitiative.ca\/International\/wp-json\/wp\/v2\/categories?post=66186"},{"taxonomy":"post_tag","embeddable":true,"href":"https:\/\/linitiative.ca\/International\/wp-json\/wp\/v2\/tags?post=66186"}],"curies":[{"name":"wp","href":"https:\/\/api.w.org\/{rel}","templated":true}]}}