{"id":66208,"date":"2019-11-01T08:58:53","date_gmt":"2019-11-01T12:58:53","guid":{"rendered":"https:\/\/linitiative.ca\/International\/tizi-ouzou-plus-de-17-000-foyers-raccordes-au-gaz-naturel-cette-annee\/"},"modified":"2019-11-01T08:58:53","modified_gmt":"2019-11-01T12:58:53","slug":"tizi-ouzou-plus-de-17-000-foyers-raccordes-au-gaz-naturel-cette-annee","status":"publish","type":"post","link":"https:\/\/linitiative.ca\/International\/tizi-ouzou-plus-de-17-000-foyers-raccordes-au-gaz-naturel-cette-annee\/","title":{"rendered":"Tizi-Ouzou : Plus de 17 000 foyers raccord\u00e9s au gaz naturel cette ann\u00e9e"},"content":{"rendered":"<div readability=\"37\">\n<p><strong>TIZI-OUZOU &#8211; Pas moins de 17 341 nouveaux foyers ont \u00e9t\u00e9 raccord\u00e9s au gaz naturel \u00e0 travers la wilaya de Tizi-Ouzou depuis de d\u00e9but de l&rsquo;ann\u00e9e en cours, a rapport\u00e9 vendredi, dans un communiqu\u00e9, la concession distribution locale de la Sonelgaz.<\/strong><\/p>\n<\/div>\n<div readability=\"66\">\n<p>Cette \u00e9volution croissante de la p\u00e9n\u00e9tration du gaz naturel \u00e0 travers la wilaya, dont la couverture a atteint 8 506 km et 229 412 abonn\u00e9s r\u00e9pond, a-t-on soulign\u00e9 de m\u00eame source, \u00e0 \u00ab\u00a0la strat\u00e9gie enclench\u00e9e par les programmes publics qui visent \u00e0 alimenter l\u2019ensemble du territoire de la wilaya\u00a0\u00bb.<\/p>\n<p>A cet effet, et vu l&rsquo;importance de cette \u00e9volution, la concession de distribution locale lance \u00e0 partir de ce 1er novembre une caravane de sensibilisation sur l\u2019utilisation appropri\u00e9e du gaz naturel dans le but de faire connaitre \u00ab\u00a0les avantages qu\u2019offre cette commodit\u00e9\u00a0\u00bb.<\/p>\n<p>Elle sera, \u00e9galement, l&rsquo;occasion de communiquer et pr\u00e9venir contre \u00ab\u00a0les dangers que peut engendrer la mauvaise utilisation de cette \u00e9nergie par le non-respect des r\u00e8gles de s\u00e9curit\u00e9 ou l&rsquo;utilisation d&rsquo;appareils contrefaits ou ne r\u00e9pondant pas aux normes de s\u00e9curit\u00e9\u00a0\u00bb.<\/p>\n<p>La campagne qui s\u2019\u00e9talera sur toute la p\u00e9riode hivernale 2019\/2020, et qui se pr\u00e9sente sous diff\u00e9rentes formes, dont des actions de proximit\u00e9 et portes ouvertes pour le grand public, touchera plus de 40 localit\u00e9s de la Wilaya o\u00f9 la mise en service du gaz est r\u00e9cente ou imminente.<\/p>\n<p>Les \u00e9l\u00e8ves du premier et deuxi\u00e8me paliers, primaire et moyen, ainsi que ceux des centres de formation seront, \u00e9galement, touch\u00e9s par le biais de s\u00e9ances p\u00e9dagogiques, en collaboration avec les directions respectives de ces deux secteurs ainsi que la protection civile.<\/p>\n<\/div>\n<p>Auteur:<br \/>\n<a href=\"http:\/\/www.aps.dz\/regions\/96732-tizi-ouzou-plus-de-17-000-foyers-raccordes-au-gaz-naturel-cette-annee\">Cliquez ici pour lire l&rsquo;article depuis sa source.<\/a><\/p>\n","protected":false},"excerpt":{"rendered":"<p>TIZI-OUZOU &#8211; Pas moins de 17 341 nouveaux foyers ont \u00e9t\u00e9 raccord\u00e9s au gaz naturel \u00e0 travers la wilaya de Tizi-Ouzou depuis de d\u00e9but de l&rsquo;ann\u00e9e en cours, a rapport\u00e9 vendredi, dans un communiqu\u00e9, la concession distribution locale de la Sonelgaz. Cette \u00e9volution croissante de la p\u00e9n\u00e9tration du gaz naturel \u00e0 travers la wilaya, dont [&hellip;]<\/p>\n","protected":false},"author":1790,"featured_media":0,"comment_status":"closed","ping_status":"closed","sticky":false,"template":"","format":"standard","meta":{"fifu_image_url":"","fifu_image_alt":"","footnotes":""},"categories":[53,76],"tags":[],"class_list":["post-66208","post","type-post","status-publish","format-standard","hentry","category-algerie","category-regions"],"_links":{"self":[{"href":"https:\/\/linitiative.ca\/International\/wp-json\/wp\/v2\/posts\/66208","targetHints":{"allow":["GET"]}}],"collection":[{"href":"https:\/\/linitiative.ca\/International\/wp-json\/wp\/v2\/posts"}],"about":[{"href":"https:\/\/linitiative.ca\/International\/wp-json\/wp\/v2\/types\/post"}],"author":[{"embeddable":true,"href":"https:\/\/linitiative.ca\/International\/wp-json\/wp\/v2\/users\/1790"}],"replies":[{"embeddable":true,"href":"https:\/\/linitiative.ca\/International\/wp-json\/wp\/v2\/comments?post=66208"}],"version-history":[{"count":0,"href":"https:\/\/linitiative.ca\/International\/wp-json\/wp\/v2\/posts\/66208\/revisions"}],"wp:attachment":[{"href":"https:\/\/linitiative.ca\/International\/wp-json\/wp\/v2\/media?parent=66208"}],"wp:term":[{"taxonomy":"category","embeddable":true,"href":"https:\/\/linitiative.ca\/International\/wp-json\/wp\/v2\/categories?post=66208"},{"taxonomy":"post_tag","embeddable":true,"href":"https:\/\/linitiative.ca\/International\/wp-json\/wp\/v2\/tags?post=66208"}],"curies":[{"name":"wp","href":"https:\/\/api.w.org\/{rel}","templated":true}]}}