{"id":66222,"date":"2019-11-01T15:14:20","date_gmt":"2019-11-01T19:14:20","guid":{"rendered":"https:\/\/linitiative.ca\/International\/international-nice-la-reponse-de-vieira-pour-ben-arfa\/"},"modified":"2019-11-01T15:14:20","modified_gmt":"2019-11-01T19:14:20","slug":"international-nice-la-reponse-de-vieira-pour-ben-arfa","status":"publish","type":"post","link":"https:\/\/linitiative.ca\/International\/international-nice-la-reponse-de-vieira-pour-ben-arfa\/","title":{"rendered":"International : Nice : La r\u00e9ponse de Vieira pour Ben Arfa"},"content":{"rendered":"<div readability=\"32\">\n<p>Auteur : <span class=\"time\">vendredi 01 novembre 2019 19:02<\/span><\/p>\n<\/div>\n<div id=\"post_core\" readability=\"43\">\n<p>Si le FC Nantes s\u2019est positionn\u00e9 en parall\u00e8le pour accueillir l\u2019ancien Rennais, le sujet suscite une certaine effervescence \u00e0 Nice. Pr\u00e9sent en conf\u00e9rence de presse avant la r\u00e9ception de Reims dimanche, Patrick Vieira a pris soin de mettre un terme aux sp\u00e9culations concernant Ben Arfa :<\/p>\n<p>\u00ab\u00a0Le pr\u00e9sident s\u2019est exprim\u00e9 par rapport \u00e0 l\u2019affinit\u00e9 qu\u2019il pouvait avoir avec Hatem. Hatem est un joueur tr\u00e8s int\u00e9ressant, qui a prouv\u00e9 qu\u2019il avait du talent. Mais \u00e7a ne rentre pas dans le projet qu\u2019on souhaite mettre en place ici \u00e0 l\u2019OGC Nice,\u00a0\u00bb a ainsi confi\u00e9 le technicien ni\u00e7ois comme rapport\u00e9 par Footmercato. Voil\u00e0 qui devrait mettre fin au feuilleton Hatem Ben Arfa \u00e0 l\u2019OGC Nice&#8230;<\/p>\n<p><strong>Publi\u00e9 dans :<\/strong> <span>Nice<\/span><\/p>\n<\/div>\n<p>Auteur:<br \/>\n<a href=\"http:\/\/www.lebuteur.com\/article\/detail?titre=nice-la-reponse-de-vieira-pour-ben-arfa&#038;id=92672&#038;utm_source=feedburner&#038;utm_medium=feed&#038;utm_campaign=Feed%3A+GalerieFArtciles+%28Les+derniers+articles++-+lebuteur.com%29\">Cliquez ici pour lire l&rsquo;article depuis sa source.<\/a><\/p>\n","protected":false},"excerpt":{"rendered":"<p>Auteur : vendredi 01 novembre 2019 19:02 Si le FC Nantes s\u2019est positionn\u00e9 en parall\u00e8le pour accueillir l\u2019ancien Rennais, le sujet suscite une certaine effervescence \u00e0 Nice. Pr\u00e9sent en conf\u00e9rence de presse avant la r\u00e9ception de Reims dimanche, Patrick Vieira a pris soin de mettre un terme aux sp\u00e9culations concernant Ben Arfa : \u00ab\u00a0Le pr\u00e9sident [&hellip;]<\/p>\n","protected":false},"author":1738,"featured_media":66223,"comment_status":"closed","ping_status":"closed","sticky":false,"template":"","format":"standard","meta":{"fifu_image_url":"","fifu_image_alt":"","footnotes":""},"categories":[53,75],"tags":[],"class_list":["post-66222","post","type-post","status-publish","format-standard","has-post-thumbnail","hentry","category-algerie","category-sport"],"_links":{"self":[{"href":"https:\/\/linitiative.ca\/International\/wp-json\/wp\/v2\/posts\/66222","targetHints":{"allow":["GET"]}}],"collection":[{"href":"https:\/\/linitiative.ca\/International\/wp-json\/wp\/v2\/posts"}],"about":[{"href":"https:\/\/linitiative.ca\/International\/wp-json\/wp\/v2\/types\/post"}],"author":[{"embeddable":true,"href":"https:\/\/linitiative.ca\/International\/wp-json\/wp\/v2\/users\/1738"}],"replies":[{"embeddable":true,"href":"https:\/\/linitiative.ca\/International\/wp-json\/wp\/v2\/comments?post=66222"}],"version-history":[{"count":0,"href":"https:\/\/linitiative.ca\/International\/wp-json\/wp\/v2\/posts\/66222\/revisions"}],"wp:featuredmedia":[{"embeddable":true,"href":"https:\/\/linitiative.ca\/International\/wp-json\/"}],"wp:attachment":[{"href":"https:\/\/linitiative.ca\/International\/wp-json\/wp\/v2\/media?parent=66222"}],"wp:term":[{"taxonomy":"category","embeddable":true,"href":"https:\/\/linitiative.ca\/International\/wp-json\/wp\/v2\/categories?post=66222"},{"taxonomy":"post_tag","embeddable":true,"href":"https:\/\/linitiative.ca\/International\/wp-json\/wp\/v2\/tags?post=66222"}],"curies":[{"name":"wp","href":"https:\/\/api.w.org\/{rel}","templated":true}]}}