{"id":66263,"date":"2019-11-01T17:00:09","date_gmt":"2019-11-01T21:00:09","guid":{"rendered":"https:\/\/linitiative.ca\/International\/tunisie-document-ennahdha-adresse-un-avertissement-a-sami-fehri\/"},"modified":"2019-11-01T17:00:09","modified_gmt":"2019-11-01T21:00:09","slug":"tunisie-document-ennahdha-adresse-un-avertissement-a-sami-fehri","status":"publish","type":"post","link":"https:\/\/linitiative.ca\/International\/tunisie-document-ennahdha-adresse-un-avertissement-a-sami-fehri\/","title":{"rendered":"Tunisie \u2013 DOCUMENT\u00a0: Ennahdha adresse un avertissement \u00e0 Sami Fehri"},"content":{"rendered":"<div class=\"post-cont-in left relative\">\n<div class=\"swp_social_panel swp_horizontal_panel swp_flat_fresh swp_default_full_color swp_individual_full_color swp_other_full_color scale-100 scale-\" data-min-width=\"1100\" data-float-color=\"#ffffff\" data-float=\"none\" data-float-mobile=\"none\" data-transition=\"slide\">\n<div class=\"nc_tweetContainer swp_share_button total_shares total_sharesalt\"><span class=\"swp_count\">42 <span class=\"swp_label\">Partages<\/span><\/span><\/div>\n<\/div>\n<p>Le responsable juridique du parti Ennahdha a adress\u00e9, ce vendredi, un courrier \u00e0 Sami Fehri en sa qualit\u00e9 de propri\u00e9taire de la chaine TV \u00ab\u00a0Al Hiwar Attounissi\u00a0\u00bb, dans lequel il d\u00e9plore la campagne de d\u00e9nigrement que ne cesse de mener cette cha\u00eene contre le mouvement Ennahdha avec notamment, ces derniers jours, la diffusion de teasings d\u2019une s\u00e9rie de reportages en rapport avec de suppos\u00e9es op\u00e9rations de malversations et de d\u00e9tournement d\u2019argent de la part du parti, orchestr\u00e9e par la famille de son pr\u00e9sident.<\/p>\n<div class=\"code-block code-block-1 c3\"><ins class=\"adsbygoogle c2\" data-ad-layout=\"in-article\" data-ad-format=\"fluid\" data-ad-client=\"ca-pub-2102118777505746\" data-ad-slot=\"7301775417\"\/> <\/div>\n<p>Ennahdha menace Sami Fehri de le poursuivre en justice pour cette campagne de diffamation, si jamais il rediffusait les s\u00e9quences de teasing, comme elle a annonc\u00e9 qu\u2019elle ne se privera plus de\u00a0faire valoir d\u00e9sormais\u00a0son droit de poursuivre en justice tous les m\u00e9dias qui essaient de lui causer du tort ou de porter atteinte \u00e0 son image.<\/p>\n<div class=\"code-block code-block-2 c3\"><ins class=\"adsbygoogle c2\" data-ad-layout=\"in-article\" data-ad-format=\"fluid\" data-ad-client=\"ca-pub-2102118777505746\" data-ad-slot=\"7301775417\"\/> <\/div>\n<p><img loading=\"lazy\" decoding=\"async\" class=\"aligncenter size-full wp-image-472023\" src=\"https:\/\/www.tunisienumerique.com\/wp-content\/uploads\/2019\/11\/nah-comm.jpg\" alt=\"\" width=\"630\" height=\"793\" srcset=\"https:\/\/www.tunisienumerique.com\/wp-content\/uploads\/2019\/11\/nah-comm.jpg 630w, https:\/\/www.tunisienumerique.com\/wp-content\/uploads\/2019\/11\/nah-comm-600x755.jpg 600w\" sizes=\"auto, (max-width: 630px) 100vw, 630px\"\/><\/p>\n<p><strong>Que se passe-t-il en Tunisie?<\/strong><br \/>Nous expliquons sur notre <a href=\"https:\/\/www.youtube.com\/channel\/UCRzypVq0B_yBad5eGrwBx0Q?sub_confirmation=1\" target=\"_blank\" rel=\"noopener noreferrer\">cha\u00eene YouTube<\/a> . <a href=\"https:\/\/www.youtube.com\/channel\/UCRzypVq0B_yBad5eGrwBx0Q?sub_confirmation=1\" target=\"_blank\" rel=\"noopener noreferrer\">Abonnez-vous!<\/a><\/p>\n<div class=\"mvp-org-wrap mvp-org-logo\" itemprop=\"publisher\" itemscope=\"\" itemtype=\"https:\/\/schema.org\/Organization\"><img decoding=\"async\" src=\"https:\/\/www.tunisienumerique.com\/wp-content\/uploads\/2017\/02\/logo_tunisie_numerique.png\"\/><\/div>\n<div class=\"swp_social_panel swp_horizontal_panel swp_flat_fresh swp_default_full_color swp_individual_full_color swp_other_full_color scale-100 scale-\" data-min-width=\"1100\" data-float-color=\"#ffffff\" data-float=\"none\" data-float-mobile=\"none\" data-transition=\"slide\">\n<div class=\"nc_tweetContainer swp_share_button total_shares total_sharesalt\"><span class=\"swp_count\">42 <span class=\"swp_label\">Partages<\/span><\/span><\/div>\n<\/div>\n<div class=\"mvp-related-posts left relative\">\n<h4 class=\"post-header\"><span class=\"post-header\">Lire aussi<\/span><\/h4>\n<\/div>\n<\/div>\n<p>Auteur: LM<br \/>\n<a href=\"https:\/\/www.tunisienumerique.com\/tunisie-document-ennahdha-adresse-un-avertissement-a-sami-fehri\/\">Cliquez ici pour lire l&rsquo;article depuis sa source.<\/a><\/p>\n","protected":false},"excerpt":{"rendered":"<p>42 Partages Le responsable juridique du parti Ennahdha a adress\u00e9, ce vendredi, un courrier \u00e0 Sami Fehri en sa qualit\u00e9 de propri\u00e9taire de la chaine TV \u00ab\u00a0Al Hiwar Attounissi\u00a0\u00bb, dans lequel il d\u00e9plore la campagne de d\u00e9nigrement que ne cesse de mener cette cha\u00eene contre le mouvement Ennahdha avec notamment, ces derniers jours, la diffusion [&hellip;]<\/p>\n","protected":false},"author":1789,"featured_media":66264,"comment_status":"closed","ping_status":"closed","sticky":false,"template":"","format":"standard","meta":{"fifu_image_url":"","fifu_image_alt":"","footnotes":""},"categories":[73,55],"tags":[],"class_list":["post-66263","post","type-post","status-publish","format-standard","has-post-thumbnail","hentry","category-actualite","category-tunisie"],"_links":{"self":[{"href":"https:\/\/linitiative.ca\/International\/wp-json\/wp\/v2\/posts\/66263","targetHints":{"allow":["GET"]}}],"collection":[{"href":"https:\/\/linitiative.ca\/International\/wp-json\/wp\/v2\/posts"}],"about":[{"href":"https:\/\/linitiative.ca\/International\/wp-json\/wp\/v2\/types\/post"}],"author":[{"embeddable":true,"href":"https:\/\/linitiative.ca\/International\/wp-json\/wp\/v2\/users\/1789"}],"replies":[{"embeddable":true,"href":"https:\/\/linitiative.ca\/International\/wp-json\/wp\/v2\/comments?post=66263"}],"version-history":[{"count":0,"href":"https:\/\/linitiative.ca\/International\/wp-json\/wp\/v2\/posts\/66263\/revisions"}],"wp:featuredmedia":[{"embeddable":true,"href":"https:\/\/linitiative.ca\/International\/wp-json\/"}],"wp:attachment":[{"href":"https:\/\/linitiative.ca\/International\/wp-json\/wp\/v2\/media?parent=66263"}],"wp:term":[{"taxonomy":"category","embeddable":true,"href":"https:\/\/linitiative.ca\/International\/wp-json\/wp\/v2\/categories?post=66263"},{"taxonomy":"post_tag","embeddable":true,"href":"https:\/\/linitiative.ca\/International\/wp-json\/wp\/v2\/tags?post=66263"}],"curies":[{"name":"wp","href":"https:\/\/api.w.org\/{rel}","templated":true}]}}