{"id":66270,"date":"2019-11-01T16:18:03","date_gmt":"2019-11-01T20:18:03","guid":{"rendered":"https:\/\/linitiative.ca\/International\/il-ne-faut-pas-sattendre-a-ce-quil-y-ait-une-explosion-de-la-demande-de-ciment-en-cote-divoire-cimentier\/"},"modified":"2019-11-01T16:18:03","modified_gmt":"2019-11-01T20:18:03","slug":"il-ne-faut-pas-sattendre-a-ce-quil-y-ait-une-explosion-de-la-demande-de-ciment-en-cote-divoire-cimentier","status":"publish","type":"post","link":"https:\/\/linitiative.ca\/International\/il-ne-faut-pas-sattendre-a-ce-quil-y-ait-une-explosion-de-la-demande-de-ciment-en-cote-divoire-cimentier\/","title":{"rendered":"Il ne faut pas s\u2019attendre \u00e0 ce qu\u2019il y ait une explosion de la demande de ciment en C\u00f4te d\u2019Ivoire (Cimentier)"},"content":{"rendered":"<div readability=\"32\">\n<p>Publi\u00e9 le 01.11.2019 \u00e0 21h18 par APA News<\/p>\n<\/div>\n<div readability=\"82\">\n<p>Il ne faut pas s\u2019attendre \u00e0 ce qu\u2019il y ait une explosion de la demande de ciment en C\u00f4te d\u2019Ivoire, a soutenu jeudi \u00e0 Abidjan, Xavier Saint-Martin-Tillet, le directeur g\u00e9n\u00e9ral de la soci\u00e9t\u00e9 de cimenterie LafargeHolcim C\u00f4te d\u2019Ivoire.Il s\u2019exprimait dans une tribune de d\u00e9bat d\u00e9nomm\u00e9e \u00ab Les grands Rendez-vous de Fraternit\u00e9 Matin\u00bb sur le th\u00e8me : \u00ab Quel est l\u2019impact de la multiplication de l\u2019offre de ciment pour le consommateur ivoirien ? \u00bb.<\/p>\n<p>\u00ab Il ne faut pas s\u2019attendre \u00e0 ce qu\u2019il y ait une explosion de la demande de ciment. Il peut y avoir une demande soutenue au fur et \u00e0 mesure du d\u00e9veloppement de l\u2019\u00e9conomie ivoirienne et nous serons l\u00e0 pour servir cette demande. Je pense que les progr\u00e8s passent aussi par des aspects plus qualitatif que les seuls indications de volume\u00bb, a affirm\u00e9 M. Tillet.<\/p>\n<p>Dans un autre registre, \u00a0il a indiqu\u00e9 que sa cimenterie a un \u00ab plan d\u2019actions \u00bb pour r\u00e9duire \u00abl\u2019empreinte \u00e9cologique \u00bb lors de la production du ciment. \u00ab Nous avons des responsabilit\u00e9s en mati\u00e8re d\u2019environnement. Nous devons continuer notre dynamique de progr\u00e8s au service des consommateurs. Nous envisageons de continuer \u00e0 proposer de nouvelles solutions \u00e0 ceux qui construisent \u00bb, a promis M. Tillet.<\/p>\n<p>Dans le m\u00eame \u00e9lan, Nangolo Soro, le pr\u00e9sident de l\u2019association des producteurs de ciment d\u2019Abidjan a estim\u00e9 que la croissance de la demande nationale de ciment est faible.<\/p>\n<p>\u00ab Aujourd\u2019hui en C\u00f4te d\u2019Ivoire, nous avons 10 unit\u00e9s de productions de ciment avec une capacit\u00e9 de production de 12 millions de tonnes. A fin 2019, nous estimons \u00a0une demande nationale de 4 \u00e0 5 millions de tonnes. La demande entre 2017 et 2018, c\u2019est seulement une croissance de 11%. Entre 2018 et fin 2019, c\u2019est seulement une croissance de 12% de la demande qui est attendue\u00bb, a regrett\u00e9 M. Soro.<\/p>\n<p>Selon lui, la multiplication de l\u2019offre de ciment dans le pays \u00e0 \u00ab forc\u00e9ment \u00bb un impact sur le prix de ciment pour le consommateur. La fili\u00e8re cimeti\u00e8re en C\u00f4te d\u2019Ivoire est compos\u00e9e \u00e0 ce jour de 10 unit\u00e9s industrielles qui ont une capacit\u00e9 de production de 12 millions de tonnes avec un besoin national estim\u00e9 entre 4 et 5 millions de tonnes.<\/p>\n<p>LafargeHolcim C\u00f4te d\u2019Ivoire, filiale du groupe LafargeHolcim, leader mondial des mat\u00e9riaux de construction, \u00a0est le producteur du ciment b\u00e9lier.<\/p>\n<p>\u00a0Avec plus de 200 points de vente, la cimenterie assure la distribution du ciment b\u00e9lier et de 400 autres r\u00e9f\u00e9rences produits \u00e0 travers son r\u00e9seau de franchises \u00a0Binastore.<\/p>\n<\/div>\n<p>Auteur: APA News<br \/>\n<a href=\"https:\/\/www.journalducameroun.com\/il-ne-faut-pas-sattendre-a-ce-quil-y-ait-une-explosion-de-la-demande-de-ciment-en-cote-divoire-cimentier\/\">Cliquez ici pour lire l&rsquo;article depuis sa source.<\/a><\/p>\n","protected":false},"excerpt":{"rendered":"<p>Publi\u00e9 le 01.11.2019 \u00e0 21h18 par APA News Il ne faut pas s\u2019attendre \u00e0 ce qu\u2019il y ait une explosion de la demande de ciment en C\u00f4te d\u2019Ivoire, a soutenu jeudi \u00e0 Abidjan, Xavier Saint-Martin-Tillet, le directeur g\u00e9n\u00e9ral de la soci\u00e9t\u00e9 de cimenterie LafargeHolcim C\u00f4te d\u2019Ivoire.Il s\u2019exprimait dans une tribune de d\u00e9bat d\u00e9nomm\u00e9e \u00ab Les [&hellip;]<\/p>\n","protected":false},"author":1965,"featured_media":0,"comment_status":"closed","ping_status":"closed","sticky":false,"template":"","format":"standard","meta":{"fifu_image_url":"","fifu_image_alt":"","footnotes":""},"categories":[73,82],"tags":[],"class_list":["post-66270","post","type-post","status-publish","format-standard","hentry","category-actualite","category-cameroun"],"_links":{"self":[{"href":"https:\/\/linitiative.ca\/International\/wp-json\/wp\/v2\/posts\/66270","targetHints":{"allow":["GET"]}}],"collection":[{"href":"https:\/\/linitiative.ca\/International\/wp-json\/wp\/v2\/posts"}],"about":[{"href":"https:\/\/linitiative.ca\/International\/wp-json\/wp\/v2\/types\/post"}],"author":[{"embeddable":true,"href":"https:\/\/linitiative.ca\/International\/wp-json\/wp\/v2\/users\/1965"}],"replies":[{"embeddable":true,"href":"https:\/\/linitiative.ca\/International\/wp-json\/wp\/v2\/comments?post=66270"}],"version-history":[{"count":0,"href":"https:\/\/linitiative.ca\/International\/wp-json\/wp\/v2\/posts\/66270\/revisions"}],"wp:attachment":[{"href":"https:\/\/linitiative.ca\/International\/wp-json\/wp\/v2\/media?parent=66270"}],"wp:term":[{"taxonomy":"category","embeddable":true,"href":"https:\/\/linitiative.ca\/International\/wp-json\/wp\/v2\/categories?post=66270"},{"taxonomy":"post_tag","embeddable":true,"href":"https:\/\/linitiative.ca\/International\/wp-json\/wp\/v2\/tags?post=66270"}],"curies":[{"name":"wp","href":"https:\/\/api.w.org\/{rel}","templated":true}]}}