{"id":66275,"date":"2019-11-01T16:05:31","date_gmt":"2019-11-01T20:05:31","guid":{"rendered":"https:\/\/linitiative.ca\/International\/les-ministres-de-la-cemac-votent-le-budget-2020-a-yaounde\/"},"modified":"2019-11-01T16:05:31","modified_gmt":"2019-11-01T20:05:31","slug":"les-ministres-de-la-cemac-votent-le-budget-2020-a-yaounde","status":"publish","type":"post","link":"https:\/\/linitiative.ca\/International\/les-ministres-de-la-cemac-votent-le-budget-2020-a-yaounde\/","title":{"rendered":"Les ministres de la CEMAC votent le budget 2020 \u00e0 Yaound\u00e9"},"content":{"rendered":"<p>La 34<sup>e<\/sup> session du Conseil des ministres de l\u2019Union \u00e9conomique d\u2019Afrique centrale a \u00e9t\u00e9 ouverte le 31 octobre par la r\u00e9union des experts venus principalement des Etats-membres de la <strong>Communaut\u00e9 \u00e9conomique et mon\u00e9taire d\u2019Afrique centrale<\/strong> (). Cette premi\u00e8re partie a permis aux participants de tabler sur neuf dossiers, dont le principal est ax\u00e9 sur le budget de la Commission de la CEMAC pour l\u2019exercice 2020.<\/p>\n<p>\u00ab\u00a0<em>Le projet de budget de la Communaut\u00e9 au titre de l\u2019ann\u00e9e 2020 reste un budget de moyens et a \u00e9t\u00e9 \u00e9labor\u00e9 pour permettre la r\u00e9alisation des missions de la Communaut\u00e9 en mettant un accent sur la formation du capital humain\u00a0<\/em>\u00bb, a d\u2019embl\u00e9e indiqu\u00e9 <strong>Daniel Ona Ondo<\/strong>, pr\u00e9sident de la Commission de la CEMAC. Ces assises se tiennent au lendemain des assembl\u00e9es annuelles de la Banque mondiale en mi-octobre dernier, au cours desquelles la CEMAC s\u2019est engag\u00e9e \u00e0 financer le processus d\u2019int\u00e9gration \u00e0 l\u2019\u00e9chelle continentale et au niveau de la sous-r\u00e9gion Afrique centrale.<\/p>\n<p>D\u2019apr\u00e8s les indications du pr\u00e9sident de la Commission de la CEMAC, le prochain exercice va mettre un accent particulier sur la formation. \u00ab\u00a0La part de budget r\u00e9serv\u00e9e aux institutions de formation repr\u00e9sente 20% du budget\u00a0\u00bb, a-t-il pr\u00e9cis\u00e9. Les questions li\u00e9es au fonctionnement du Parlement communautaire et le r\u00e9gime de ses fonctionnaires ont \u00e9galement \u00e9t\u00e9 discut\u00e9es. De m\u00eame seront examin\u00e9s le rapport d\u2019activit\u00e9s int\u00e9rimaire de la Communaut\u00e9 au 30 juin 2019, le plan d\u2019actions de la CEMAC au cours de l\u2019ann\u00e9e prochaine, le r\u00e9am\u00e9nagement du r\u00e9gime indemnitaire de cessation d\u2019activit\u00e9s du secr\u00e9taire g\u00e9n\u00e9ral du parlement communautaire, le programme triennal de convergence du Congo.<\/p>\n<p>Les experts de la CEMAC se sont \u00e9galement prononc\u00e9s sur certaines nominations\u00a0; des projets de textes\u00a0; des comptes rendus des conseils d\u2019administration et des conseils de direction\u00a0; ainsi que sur les agr\u00e9ments des professionnels lib\u00e9raux des douanes, des transports routiers, de la comptabilit\u00e9 et de la fiscalit\u00e9. Leurs amendements seront examin\u00e9s ce lundi par les membres du Conseil des ministres de l\u2019UEAC.<\/p>\n<p>Notons tout de m\u00eame, pour revenir au budget, que le pr\u00e9sident de la Commission a relev\u00e9 une fois de plus que le d\u00e9fi majeur auquel fait face la communaut\u00e9 est la mobilisation des ressources. Malgr\u00e9 les efforts constat\u00e9s depuis deux ann\u00e9es que l\u2019\u00e9quipe actuelle a \u00e9t\u00e9 coopt\u00e9e \u00e0 la commission, la sous-r\u00e9gion est sujette \u00e0 des contraintes, notamment financi\u00e8res. La Taxe communautaire d\u2019int\u00e9gration (TCI) reste largement sous-recouvr\u00e9e. Or, \u00ab\u00a0<em>c\u2019est cette ressource qui permettra, outre le renforcement du financement du d\u00e9veloppement du capital humain, de garantir des ressources p\u00e9rennes et cons\u00e9quentes du Fonds de d\u00e9veloppement de la Communaut\u00e9 pour une meilleure visibilit\u00e9 du processus d\u2019int\u00e9gration \u00e0 travers la r\u00e9alisations des projets int\u00e9grateurs\u00a0<\/em>\u00bb, a soulign\u00e9 Daniel Ona Ondo.<\/p>\n<div class=\"about-author about-author-box container-wrapper\">\n<div class=\"author-avatar\">\n<p><img decoding=\"async\" src=\"http:\/\/\" alt=\"\"\/><\/p>\n<\/div>\n<p><h4>La R\u00e9daction EcoMatin<\/h4>\n<\/p>\n<\/div>\n<div class=\"awac-wrapper awac widget blog_subscription-2\">\n<h4 class=\"widget-title\">Abonnez-vous \u00e0 notre lettre d&rsquo;information<\/h4>\n<\/div>\n<p>Auteur: EcoMatin<br \/>\n<a href=\"https:\/\/ecomatin.net\/les-ministres-de-la-cemac-votent-le-budget-2020-a-yaounde\/\">Cliquez ici pour lire l&rsquo;article depuis sa source.<\/a><\/p>\n","protected":false},"excerpt":{"rendered":"<p>La 34e session du Conseil des ministres de l\u2019Union \u00e9conomique d\u2019Afrique centrale a \u00e9t\u00e9 ouverte le 31 octobre par la r\u00e9union des experts venus principalement des Etats-membres de la Communaut\u00e9 \u00e9conomique et mon\u00e9taire d\u2019Afrique centrale (). Cette premi\u00e8re partie a permis aux participants de tabler sur neuf dossiers, dont le principal est ax\u00e9 sur le [&hellip;]<\/p>\n","protected":false},"author":1969,"featured_media":0,"comment_status":"closed","ping_status":"closed","sticky":false,"template":"","format":"standard","meta":{"fifu_image_url":"","fifu_image_alt":"","footnotes":""},"categories":[82,78],"tags":[],"class_list":["post-66275","post","type-post","status-publish","format-standard","hentry","category-cameroun","category-economie"],"_links":{"self":[{"href":"https:\/\/linitiative.ca\/International\/wp-json\/wp\/v2\/posts\/66275","targetHints":{"allow":["GET"]}}],"collection":[{"href":"https:\/\/linitiative.ca\/International\/wp-json\/wp\/v2\/posts"}],"about":[{"href":"https:\/\/linitiative.ca\/International\/wp-json\/wp\/v2\/types\/post"}],"author":[{"embeddable":true,"href":"https:\/\/linitiative.ca\/International\/wp-json\/wp\/v2\/users\/1969"}],"replies":[{"embeddable":true,"href":"https:\/\/linitiative.ca\/International\/wp-json\/wp\/v2\/comments?post=66275"}],"version-history":[{"count":0,"href":"https:\/\/linitiative.ca\/International\/wp-json\/wp\/v2\/posts\/66275\/revisions"}],"wp:attachment":[{"href":"https:\/\/linitiative.ca\/International\/wp-json\/wp\/v2\/media?parent=66275"}],"wp:term":[{"taxonomy":"category","embeddable":true,"href":"https:\/\/linitiative.ca\/International\/wp-json\/wp\/v2\/categories?post=66275"},{"taxonomy":"post_tag","embeddable":true,"href":"https:\/\/linitiative.ca\/International\/wp-json\/wp\/v2\/tags?post=66275"}],"curies":[{"name":"wp","href":"https:\/\/api.w.org\/{rel}","templated":true}]}}