{"id":66279,"date":"2019-11-02T04:09:51","date_gmt":"2019-11-02T08:09:51","guid":{"rendered":"https:\/\/linitiative.ca\/International\/protection-sociale-pourquoi-faut-il-tout-revoir\/"},"modified":"2019-11-02T04:09:51","modified_gmt":"2019-11-02T08:09:51","slug":"protection-sociale-pourquoi-faut-il-tout-revoir","status":"publish","type":"post","link":"https:\/\/linitiative.ca\/International\/protection-sociale-pourquoi-faut-il-tout-revoir\/","title":{"rendered":"Protection sociale : Pourquoi faut-il tout revoir"},"content":{"rendered":"<p><img decoding=\"async\" class=\"post_layout_5_img\" src=\"http:\/\/aujourdhui.ma\/wp-content\/uploads\/2018\/12\/assurance-famille.jpg?x29840\" alt=\"Protection sociale : Pourquoi faut-il tout revoir\"\/><\/p>\n<p class=\"p1\"><span class=\"c4\"><span class=\"s1\"><strong>Le syst\u00e8me est fragment\u00e9 et caract\u00e9ris\u00e9 par d\u2019importants\u00a0<\/strong><\/span><span class=\"s1\"><strong>dysfonctionnements<\/strong><\/span><\/span><span id=\"more-322171\"\/><\/p>\n<p class=\"p1\"><span class=\"s1\">Durant ces deux derni\u00e8res d\u00e9cennies, de nombreux efforts ont \u00e9t\u00e9 entrepris pour d\u00e9velopper le syst\u00e8me de protection sociale au Maroc \u00e0 travers plusieurs initiatives et chantiers d\u2019envergure dont les plus importants sont la g\u00e9n\u00e9ralisation de la couverture m\u00e9dicale de base \u00e0 travers ses deux volets AMO et Ramed ainsi que l\u2019INDH et le Fonds d\u2019appui \u00e0 la coh\u00e9sion sociale (FACS). Le dispositif est compl\u00e9t\u00e9 par un syst\u00e8me contributif de s\u00e9curit\u00e9 sociale regroupant les diff\u00e9rentes Caisses de retraite, la Caisse nationale de s\u00e9curit\u00e9 sociale et la Caisse nationale des organismes de pr\u00e9voyance sociale. Les programmes d\u2019assistance sociale ont permis d\u2019atteindre des r\u00e9sultats probants, mais<span class=\"Apple-converted-space\">\u00a0<\/span> ils restent confront\u00e9s \u00e0 de nombreux obstacles. En d\u00e9pit de ces avanc\u00e9es, le syst\u00e8me de protection sociale au Maroc est fragment\u00e9 et caract\u00e9ris\u00e9 par des chevauchements et des dysfonctionnements qui affectent l\u2019efficience et l\u2019efficacit\u00e9 compte tenu de l\u2019absence d\u2019un dispositif de ciblage universel des m\u00e9nages, \u00e9quitable, efficace, efficient et int\u00e9gr\u00e9.<span class=\"Apple-converted-space\">\u00a0<\/span><\/span><\/p>\n<p class=\"p1\"><span class=\"s1\">En effet, ces programmes sont caract\u00e9ris\u00e9s par une forte fragmentation, avec une multiplicit\u00e9 d\u2019intervenants et d\u2019actions et un d\u00e9ficit de coordination et de couverture. Cette situation engendre des chevauchements et des redondances des actions destin\u00e9es \u00e0 certaines cat\u00e9gories sociales, et en m\u00eame temps l\u2019exclusion ou la faible couverture d\u2019autres. Faut-il rappeler qu\u2019en f\u00e9vrier dernier le Conseil \u00e9conomique, social et environnemental (CESE) avait estim\u00e9 que le syst\u00e8me de protection sociale au Maroc reste <em>\u00abincomplet, limit\u00e9 et vuln\u00e9rable\u00bb<\/em> en notant que 60% de la population active n\u2019est pas couverte par un r\u00e9gime de pension et 46% ne b\u00e9n\u00e9ficient pas d\u2019une couverture m\u00e9dicale.<\/span><\/p>\n<p class=\"p1\"><span class=\"s1\">Le CESE avait appel\u00e9 \u00e0 une r\u00e9forme structurelle de la protection sociale de mani\u00e8re \u00e0 surmonter les difficult\u00e9s constat\u00e9es et garantir aux citoyens une couverture sociale ad\u00e9quate et p\u00e9renne. Pour rem\u00e9dier \u00e0 cette situation, le Maroc doit adopter une politique sociale unifi\u00e9e et orient\u00e9e vers le d\u00e9veloppement d\u2019un syst\u00e8me de protection sociale int\u00e9gr\u00e9e et couvrant l\u2019ensemble de la population de mani\u00e8re juste et \u00e9quitable. N\u00e9anmoins, la concr\u00e9tisation de cette approche et sa r\u00e9ussite demeure tributaire de l\u2019efficience du ciblage des b\u00e9n\u00e9ficiaires. D\u2019o\u00f9 l\u2019importance de la mise en place du Registre national de la population (RNP) et du Registre social unique (RSU).<span class=\"Apple-converted-space\">\u00a0<\/span> A noter que la mise en \u0153uvre du Registre social unique d\u00e9butera de mani\u00e8re progressive avant fin 2019.<\/span><\/p>\n<p class=\"p1\"><span class=\"s1\">En effet, ce registre sera appliqu\u00e9 dans un premier temps dans une r\u00e9gion pilote avant d\u2019\u00eatre g\u00e9n\u00e9ralis\u00e9 \u00e0 travers le Royaume. Ce registre permettra ainsi de recueillir des informations socio-\u00e9conomiques des m\u00e9nages afin de cibler ceux qui remplissent les conditions pour b\u00e9n\u00e9ficier des prestations sociales. Par ailleurs, le projet de loi de Finances 2020<span class=\"Apple-converted-space\">\u00a0<\/span> pr\u00e9voit, dans le cadre de la<span class=\"Apple-converted-space\">\u00a0<\/span> g\u00e9n\u00e9ralisation de la couverture m\u00e9dicale de base, de poursuivre la mise en \u0153uvre de l\u2019AMO<span class=\"Apple-converted-space\">\u00a0<\/span> au profit des \u00e9tudiants de l\u2019enseignement sup\u00e9rieur avec la simplification des proc\u00e9dures administratives pour encourager l\u2019adh\u00e9sion des \u00e9tudiants audit r\u00e9gime. Signalons que<span class=\"Apple-converted-space\">\u00a0<\/span> le nombre de b\u00e9n\u00e9ficiaires s\u2019est \u00e9tabli \u00e0 116.247 \u00e9tudiants au titre de l\u2019ann\u00e9e universitaire 2018-2019, contre seulement 33.023 en 2016. L\u2019ann\u00e9e 2020 sera \u00e9galement marqu\u00e9e par la poursuite des concertations avec les cat\u00e9gories professionnelles pour la mise en \u0153uvre de la couverture m\u00e9dicale des ind\u00e9pendants et professions lib\u00e9rales, particuli\u00e8rement les professions organis\u00e9es.<\/span><\/p>\n<p>Auteur: ALM<br \/>\n<a href=\"http:\/\/aujourdhui.ma\/societe\/protection-sociale-pourquoi-faut-il-tout-revoir\">Cliquez ici pour lire l&rsquo;article depuis sa source.<\/a><\/p>\n","protected":false},"excerpt":{"rendered":"<p>Le syst\u00e8me est fragment\u00e9 et caract\u00e9ris\u00e9 par d\u2019importants\u00a0dysfonctionnements Durant ces deux derni\u00e8res d\u00e9cennies, de nombreux efforts ont \u00e9t\u00e9 entrepris pour d\u00e9velopper le syst\u00e8me de protection sociale au Maroc \u00e0 travers plusieurs initiatives et chantiers d\u2019envergure dont les plus importants sont la g\u00e9n\u00e9ralisation de la couverture m\u00e9dicale de base \u00e0 travers ses deux volets AMO et [&hellip;]<\/p>\n","protected":false},"author":1759,"featured_media":0,"comment_status":"closed","ping_status":"closed","sticky":false,"template":"","format":"standard","meta":{"fifu_image_url":"","fifu_image_alt":"","footnotes":""},"categories":[73,54],"tags":[],"class_list":["post-66279","post","type-post","status-publish","format-standard","hentry","category-actualite","category-maroc"],"_links":{"self":[{"href":"https:\/\/linitiative.ca\/International\/wp-json\/wp\/v2\/posts\/66279","targetHints":{"allow":["GET"]}}],"collection":[{"href":"https:\/\/linitiative.ca\/International\/wp-json\/wp\/v2\/posts"}],"about":[{"href":"https:\/\/linitiative.ca\/International\/wp-json\/wp\/v2\/types\/post"}],"author":[{"embeddable":true,"href":"https:\/\/linitiative.ca\/International\/wp-json\/wp\/v2\/users\/1759"}],"replies":[{"embeddable":true,"href":"https:\/\/linitiative.ca\/International\/wp-json\/wp\/v2\/comments?post=66279"}],"version-history":[{"count":0,"href":"https:\/\/linitiative.ca\/International\/wp-json\/wp\/v2\/posts\/66279\/revisions"}],"wp:attachment":[{"href":"https:\/\/linitiative.ca\/International\/wp-json\/wp\/v2\/media?parent=66279"}],"wp:term":[{"taxonomy":"category","embeddable":true,"href":"https:\/\/linitiative.ca\/International\/wp-json\/wp\/v2\/categories?post=66279"},{"taxonomy":"post_tag","embeddable":true,"href":"https:\/\/linitiative.ca\/International\/wp-json\/wp\/v2\/tags?post=66279"}],"curies":[{"name":"wp","href":"https:\/\/api.w.org\/{rel}","templated":true}]}}