{"id":66280,"date":"2019-11-02T04:11:06","date_gmt":"2019-11-02T08:11:06","guid":{"rendered":"https:\/\/linitiative.ca\/International\/khalid-zekri-presentera-son-dernier-essai-a-lifm-de-marrakech\/"},"modified":"2019-11-02T04:11:06","modified_gmt":"2019-11-02T08:11:06","slug":"khalid-zekri-presentera-son-dernier-essai-a-lifm-de-marrakech","status":"publish","type":"post","link":"https:\/\/linitiative.ca\/International\/khalid-zekri-presentera-son-dernier-essai-a-lifm-de-marrakech\/","title":{"rendered":"Khalid Zekri pr\u00e9sentera son dernier essai \u00e0 l\u2019IFM de Marrakech"},"content":{"rendered":"<header>\n<\/header>\n<div class=\"entry-content clearfix\" readability=\"41\"><img decoding=\"async\" class=\"post_layout_5_img\" src=\"http:\/\/aujourdhui.ma\/wp-content\/uploads\/2019\/10\/Khalid-Zekri.jpg?x29840\" alt=\"Khalid Zekri pr\u00e9sentera son dernier essai \u00e0 l\u2019IFM de Marrakech\"\/><\/p>\n<p class=\"p1\"><span class=\"s1\"><span class=\"c4\"><strong>L\u2019universitaire marocain Khalid Zekri pr\u00e9sentera le 22 novembre prochain \u00e0 l\u2019IFM son dernier essai publi\u00e9 cette ann\u00e9e \u00abModernit\u00e9s arabes, de la modernit\u00e9 \u00e0 la globalisation\u00bb.<\/strong><\/span><\/span><span id=\"more-322071\"\/><\/p>\n<p class=\"p1\"><span class=\"s1\">Cet essai a un triple objectif. Il rend d\u2019abord compte des discours modernistes et contre-modernistes qui ont marqu\u00e9 la rencontre du monde arabe avec les empires europ\u00e9ens. Ensuite, il op\u00e8re une critique des cons\u00e9quences de l\u2019h\u00e9g\u00e9monie occidentale sur les cultures post-coloniales. Enfin, il analyse les formes de r\u00e9appropriation de soi et les nouvelles subjectivit\u00e9s qui remettent en question le fantasme du \u00abcomme un\u00bb dans les contextes arabo-islamiques.<\/span><\/p>\n<\/div>\n<p>Auteur: ALM<br \/>\n<a href=\"http:\/\/aujourdhui.ma\/culture\/khalid-zekri-presentera-son-dernier-essai-a-lifm-de-marrakech\">Cliquez ici pour lire l&rsquo;article depuis sa source.<\/a><\/p>\n","protected":false},"excerpt":{"rendered":"<p>L\u2019universitaire marocain Khalid Zekri pr\u00e9sentera le 22 novembre prochain \u00e0 l\u2019IFM son dernier essai publi\u00e9 cette ann\u00e9e \u00abModernit\u00e9s arabes, de la modernit\u00e9 \u00e0 la globalisation\u00bb. Cet essai a un triple objectif. Il rend d\u2019abord compte des discours modernistes et contre-modernistes qui ont marqu\u00e9 la rencontre du monde arabe avec les empires europ\u00e9ens. Ensuite, il op\u00e8re [&hellip;]<\/p>\n","protected":false},"author":1759,"featured_media":0,"comment_status":"closed","ping_status":"closed","sticky":false,"template":"","format":"standard","meta":{"fifu_image_url":"","fifu_image_alt":"","footnotes":""},"categories":[73,54],"tags":[],"class_list":["post-66280","post","type-post","status-publish","format-standard","hentry","category-actualite","category-maroc"],"_links":{"self":[{"href":"https:\/\/linitiative.ca\/International\/wp-json\/wp\/v2\/posts\/66280","targetHints":{"allow":["GET"]}}],"collection":[{"href":"https:\/\/linitiative.ca\/International\/wp-json\/wp\/v2\/posts"}],"about":[{"href":"https:\/\/linitiative.ca\/International\/wp-json\/wp\/v2\/types\/post"}],"author":[{"embeddable":true,"href":"https:\/\/linitiative.ca\/International\/wp-json\/wp\/v2\/users\/1759"}],"replies":[{"embeddable":true,"href":"https:\/\/linitiative.ca\/International\/wp-json\/wp\/v2\/comments?post=66280"}],"version-history":[{"count":0,"href":"https:\/\/linitiative.ca\/International\/wp-json\/wp\/v2\/posts\/66280\/revisions"}],"wp:attachment":[{"href":"https:\/\/linitiative.ca\/International\/wp-json\/wp\/v2\/media?parent=66280"}],"wp:term":[{"taxonomy":"category","embeddable":true,"href":"https:\/\/linitiative.ca\/International\/wp-json\/wp\/v2\/categories?post=66280"},{"taxonomy":"post_tag","embeddable":true,"href":"https:\/\/linitiative.ca\/International\/wp-json\/wp\/v2\/tags?post=66280"}],"curies":[{"name":"wp","href":"https:\/\/api.w.org\/{rel}","templated":true}]}}