{"id":66281,"date":"2019-11-02T04:13:40","date_gmt":"2019-11-02T08:13:40","guid":{"rendered":"https:\/\/linitiative.ca\/International\/immobilier-le-premier-referentiel-commun-des-prix-en-marche-depuis-juillet\/"},"modified":"2019-11-02T04:13:40","modified_gmt":"2019-11-02T08:13:40","slug":"immobilier-le-premier-referentiel-commun-des-prix-en-marche-depuis-juillet","status":"publish","type":"post","link":"https:\/\/linitiative.ca\/International\/immobilier-le-premier-referentiel-commun-des-prix-en-marche-depuis-juillet\/","title":{"rendered":"Immobilier : Le premier r\u00e9f\u00e9rentiel commun des prix en marche depuis juillet"},"content":{"rendered":"<p><img decoding=\"async\" class=\"post_layout_5_img\" src=\"http:\/\/aujourdhui.ma\/wp-content\/uploads\/2019\/10\/Carte-Casablanca-Immobilier.jpg?x29840\" alt=\"Immobilier : Le premier r\u00e9f\u00e9rentiel commun des prix en marche depuis juillet\"\/><\/p>\n<p class=\"p1\"><span class=\"c5\"><strong><span class=\"c4\">Il refl\u00e8te de mani\u00e8re sensible la tendance du march\u00e9<\/span><\/strong><\/span><span id=\"more-321897\"\/><\/p>\n<div class=\"base-box mom_box_sc_custom mom_box_sc clear c6\" readability=\"9\">\n<p class=\"p1\"><strong><span class=\"s1\">Le r\u00e9f\u00e9rentiel se pr\u00e9sente comme \u00e9tant une base de donn\u00e9es informatis\u00e9e et accessible. Une source d\u2019information qui jouera un important r\u00f4le dans la dynamisation du secteur et r\u00e9duira par cons\u00e9quent les r\u00e9clamations et contentieux avec l\u2019administration.<\/span><\/strong><\/p>\n<\/div>\n<p class=\"p1\">Le Maroc dispose aujourd\u2019hui d\u2019un argus immobilier unifi\u00e9. Un nouveau r\u00e9f\u00e9rentiel des prix du secteur a vu le jour au mois de juillet fusionnant ainsi les grilles des fiscs et de la conservation fonci\u00e8re. Un outil qui permet aux contribuables citoyens et op\u00e9rateurs de s\u2019informer sur les prix pratiqu\u00e9s sur le march\u00e9 et ce d\u2019une mani\u00e8re pr\u00e9cise. Un protocole qui intervient apr\u00e8s une ann\u00e9e de travail et de concertation entre l\u2019Agence nationale de la conservation fonci\u00e8re, du cadastre et de la cartographie et la Direction g\u00e9n\u00e9rale des imp\u00f4ts. Le r\u00e9f\u00e9rentiel se pr\u00e9sente en effet comme \u00e9tant une base de donn\u00e9es informatis\u00e9e et accessible.<\/p>\n<p class=\"p1\">Une source d\u2019information qui jouera un important r\u00f4le dans la dynamisation du secteur et r\u00e9duira par cons\u00e9quent les r\u00e9clamations et contentieux avec l\u2019administration. A travers le calcul de l\u2019imp\u00f4t sur le revenu, notamment en ce qui concerne les profits fonciers ou encore la d\u00e9termination des taxes de droits pay\u00e9s pour la conservation fonci\u00e8re, ce r\u00e9f\u00e9rentiel assure plus de transparence dans la relation entre l\u2019administration et les usagers et renforce par la m\u00eame occasion les garanties de citoyens et op\u00e9rateurs \u00e9conomiques. Bien qu\u2019il fournisse des donn\u00e9es chiffr\u00e9es, ce r\u00e9f\u00e9rentiel ne constitue en aucun cas une \u00e9valuation directe du bien immobilier et foncier objet de la transaction.<\/p>\n<p class=\"p1\">De m\u00eame, il n\u2019oriente \u00e0 aucun moment le march\u00e9. Le r\u00e9f\u00e9rentiel a pour r\u00f4le de refl\u00e9ter la tendance de mani\u00e8re tr\u00e8s sensible tout en tenant compte des sp\u00e9cificit\u00e9s de chaque zone tant bien en termes de position qu\u2019en termes de consistance et d\u2019orientation. Le prix est formul\u00e9 \u00e0 titre indicatif. Il correspond \u00e0 des moyennes constat\u00e9es dans une zone donn\u00e9e. Techniquement, le tarif relev\u00e9 correspond au prix minima que retiennent \u00e0 la fois Direction g\u00e9n\u00e9rale des imp\u00f4ts et cadastres afin de calculer d\u2019une part les droits de la conservation et de l\u2019imp\u00f4t sur le revenu relatif au prix immobilier.<\/p>\n<p><a href=\"http:\/\/aujourdhui.ma\/wp-content\/uploads\/2019\/10\/credit-immobilier.jpg?x29840\"><img loading=\"lazy\" decoding=\"async\" class=\"size-full wp-image-321900 aligncenter\" src=\"http:\/\/aujourdhui.ma\/wp-content\/uploads\/2019\/10\/credit-immobilier.jpg?x29840\" alt=\"\" width=\"746\" height=\"380\" srcset=\"http:\/\/aujourdhui.ma\/wp-content\/uploads\/2019\/10\/credit-immobilier.jpg 746w, http:\/\/aujourdhui.ma\/wp-content\/uploads\/2019\/10\/credit-immobilier-300x153.jpg 300w\" sizes=\"auto, (max-width: 746px) 100vw, 746px\"\/><\/a><\/p>\n<p class=\"p1\">Ces moyennes sont bas\u00e9es sur les contrats enregistr\u00e9s et d\u00e9pos\u00e9s sur une dur\u00e9e donn\u00e9e. Le lancement de ce r\u00e9f\u00e9rentiel a \u00e9t\u00e9 fait de Casablanca avec l\u2019ambition de le g\u00e9n\u00e9raliser par la suite \u00e0 l\u2019ensemble du territoire d\u2019ici juin 2020. Au niveau de Casablanca, 350 zones ont \u00e9t\u00e9 d\u00e9limit\u00e9es couvrant la pr\u00e9fecture de Casablanca, la province de Nouacer et Mediouna. Il est \u00e0 rappeler que la DGI disposait auparavant de son propre r\u00e9f\u00e9rentiel des prix de l\u2019immobilier.<\/p>\n<p class=\"p1\">Le premier a \u00e9t\u00e9 lanc\u00e9 en 2015. Cette exp\u00e9rience a permis au fisc de tirer un ensemble d\u2019enseignements et lui a permis par la m\u00eame occasion de r\u00e9gler un certain nombre de probl\u00e8mes fragilisant la relation entre l\u2019administration fiscale et les contribuables. En vue de ma\u00eetriser le sens et la profondeur de cet argus, la Direction g\u00e9n\u00e9rale des imp\u00f4ts adopte une approche d\u2019encadrement et d\u2019actualisation. Une mise \u00e0 jour est pr\u00e9vue chaque ann\u00e9e voire \u00e0 chaque fois qu\u2019un changement significatif au niveau du march\u00e9 est constat\u00e9. Et pour avoir plus d\u2019exactitude, la Direction g\u00e9n\u00e9rale des imp\u00f4ts \u0153uvre \u00e0 \u00e9laborer une matrice permettant de donner le vrai prix d\u2019un bien immobilier dans une zone pr\u00e9cise.<\/p>\n<p class=\"p1\">Du c\u00f4t\u00e9 des promoteurs, cette d\u00e9marche les apaise. Ayant trop souffert avec les versions distinctes des r\u00e9f\u00e9rentiels fournis par l\u2019ANFCC et la DGI, les professionnels du secteur immobilier restent toutefois conscients de la difficult\u00e9 d\u2019avoir un r\u00e9f\u00e9rentiel refl\u00e9tant la r\u00e9alit\u00e9 du march\u00e9. Le r\u00e9f\u00e9rentiel commun des prix immobiliers ne prendra en consid\u00e9ration que le prix des biens neufs. Il prend \u00e9galement en compte l\u2019immobilier professionnel et exclut les logements \u00e0 caract\u00e8re social, \u00e0 faible valeur immobili\u00e8re totale ou encore ceux destin\u00e9s au recasement des bidonvilles. Par ailleurs, l\u2019anciennet\u00e9 des biens est prise en compte \u00e0 travers l\u2019application de taux de v\u00e9tust\u00e9 aux prix du neuf. Citons \u00e0 cet effet 20% pour les biens r\u00e9cents \u00e2g\u00e9s entre 6 et 15 ans et 30% pour les biens anciens d\u00e9passant les 15 ans. De m\u00eame, un abattement est appliqu\u00e9 pour prendre en compte les surfaces sp\u00e9cifiques des biens immobiliers, soit un abattement de 50% pour la cour, la terrasse, le balcon ou sous-sol am\u00e9nag\u00e9 ainsi que 10% pour un parking ou garage.<\/p>\n<p>Auteur: ALM<br \/>\n<a href=\"http:\/\/aujourdhui.ma\/economie\/immobilier\/immobilier-le-premier-referentiel-commun-des-prix-en-marche-depuis-juillet\">Cliquez ici pour lire l&rsquo;article depuis sa source.<\/a><\/p>\n","protected":false},"excerpt":{"rendered":"<p>Il refl\u00e8te de mani\u00e8re sensible la tendance du march\u00e9 Le r\u00e9f\u00e9rentiel se pr\u00e9sente comme \u00e9tant une base de donn\u00e9es informatis\u00e9e et accessible. Une source d\u2019information qui jouera un important r\u00f4le dans la dynamisation du secteur et r\u00e9duira par cons\u00e9quent les r\u00e9clamations et contentieux avec l\u2019administration. Le Maroc dispose aujourd\u2019hui d\u2019un argus immobilier unifi\u00e9. Un nouveau [&hellip;]<\/p>\n","protected":false},"author":1759,"featured_media":0,"comment_status":"closed","ping_status":"closed","sticky":false,"template":"","format":"standard","meta":{"fifu_image_url":"","fifu_image_alt":"","footnotes":""},"categories":[73,54],"tags":[],"class_list":["post-66281","post","type-post","status-publish","format-standard","hentry","category-actualite","category-maroc"],"_links":{"self":[{"href":"https:\/\/linitiative.ca\/International\/wp-json\/wp\/v2\/posts\/66281","targetHints":{"allow":["GET"]}}],"collection":[{"href":"https:\/\/linitiative.ca\/International\/wp-json\/wp\/v2\/posts"}],"about":[{"href":"https:\/\/linitiative.ca\/International\/wp-json\/wp\/v2\/types\/post"}],"author":[{"embeddable":true,"href":"https:\/\/linitiative.ca\/International\/wp-json\/wp\/v2\/users\/1759"}],"replies":[{"embeddable":true,"href":"https:\/\/linitiative.ca\/International\/wp-json\/wp\/v2\/comments?post=66281"}],"version-history":[{"count":0,"href":"https:\/\/linitiative.ca\/International\/wp-json\/wp\/v2\/posts\/66281\/revisions"}],"wp:attachment":[{"href":"https:\/\/linitiative.ca\/International\/wp-json\/wp\/v2\/media?parent=66281"}],"wp:term":[{"taxonomy":"category","embeddable":true,"href":"https:\/\/linitiative.ca\/International\/wp-json\/wp\/v2\/categories?post=66281"},{"taxonomy":"post_tag","embeddable":true,"href":"https:\/\/linitiative.ca\/International\/wp-json\/wp\/v2\/tags?post=66281"}],"curies":[{"name":"wp","href":"https:\/\/api.w.org\/{rel}","templated":true}]}}