{"id":66282,"date":"2019-11-02T13:00:56","date_gmt":"2019-11-02T17:00:56","guid":{"rendered":"https:\/\/linitiative.ca\/International\/sila-evocation-des-changements-sociaux-en-algerie-apres-la-premiere-guerre-mondiale\/"},"modified":"2019-11-02T13:00:56","modified_gmt":"2019-11-02T17:00:56","slug":"sila-evocation-des-changements-sociaux-en-algerie-apres-la-premiere-guerre-mondiale","status":"publish","type":"post","link":"https:\/\/linitiative.ca\/International\/sila-evocation-des-changements-sociaux-en-algerie-apres-la-premiere-guerre-mondiale\/","title":{"rendered":"Sila: \u00e9vocation des changements sociaux en Alg\u00e9rie apr\u00e8s la premi\u00e8re guerre mondiale"},"content":{"rendered":"<div readability=\"36\">\n<p><strong>ALGER- Des historiens alg\u00e9riens et fran\u00e7ais ont abord\u00e9, lors d&rsquo;une rencontre vendredi \u00e0 Alger, les changements sociaux intervenus en Alg\u00e9rie apr\u00e8s la premi\u00e8re guerre mondiale ainsi que les pr\u00e9mices d&rsquo;une prise de conscience de la soci\u00e9t\u00e9 alg\u00e9rienne face au colonialisme fran\u00e7ais.<\/strong><\/p>\n<\/div>\n<div readability=\"84.6035928144\">\n<p>Organis\u00e9e en marge du 24e Salon international du livre d&rsquo;Alger (Sila), ouvert jeudi, la rencontre a r\u00e9uni les historiens Malika Rahal, Abdelmadjid Merdaci, Fouad Soufi et le Fran\u00e7ais Olivier Le Cour Grandmaison autour du th\u00e8me \u00ab\u00a01919: l&rsquo;Alg\u00e9rie face aux d\u00e9fis de sa libert\u00e9 et du si\u00e8cle\u00a0\u00bb.<\/p>\n<p>L&rsquo;historienne et chercheur Malika Rahal a \u00e9voqu\u00e9 la loi modifiant le statut juridique des indig\u00e8nes d&rsquo;Alg\u00e9rie, dite loi Jonnart, qui a \u00ab\u00a0octroy\u00e9 certains droits\u00a0\u00bb \u00e0 quelque 180 000 Alg\u00e9riens enr\u00f4l\u00e9s pendant la premi\u00e8re guerre mondiale (1914-1918).<\/p>\n<blockquote readability=\"11\">\n<p><em><strong>Cette loi fixe \u00ab\u00a0les conditions d&rsquo;accession \u00e0 la citoyennet\u00e9\u00a0\u00bb dont celle d&rsquo;avoir pris part \u00e0 une campagne de guerre et ouvre certaines fonctions administratives aux Alg\u00e9riens, rappelle l&rsquo;historienne qui souligne l&rsquo;apparition, d\u00e8s les ann\u00e9es 1920, de publications \u00e9dit\u00e9es par des associations et clubs fraichement cr\u00e9\u00e9s.<\/strong><\/em><\/p>\n<\/blockquote>\n<p>Pour sa part le politologue fran\u00e7ais Olivier Le Cour Grandmaison, sp\u00e9cialiste de l&rsquo;histoire coloniale a abord\u00e9 la naissance de l&rsquo;International communiste en 1919 et qui a pris position contre l&rsquo;imp\u00e9rialisme coloniale de la France et du Royaume-Uni.<\/p>\n<p>Pour le politologue, l&rsquo;image des gouvernements europ\u00e9ens a \u00e9t\u00e9 s\u00e9rieusement \u00e9corn\u00e9e apr\u00e8s le premier conflit mondial qui a \u00ab\u00a0mis la sup\u00e9riorit\u00e9 technique de l&rsquo;Europe au service d&rsquo;une guerre industrialis\u00e9e\u00a0\u00bb.<\/p>\n<hr\/>\n<p><span class=\"c30\"><strong>Lire aussi: <a href=\"\/24e%20SILA:%20les%20visiteurs%20en%20nombre%20d%C3%A8s%20l'ouverture%20du%20salon%20au%20public\">24e SILA: les visiteurs en nombre d\u00e8s l&rsquo;ouverture du salon au public<\/a><\/strong><\/span><\/p>\n<hr\/>\n<p>Pour l&rsquo;historien Fouad Soufi, cette p\u00e9riode a introduit des changements sociaux \u00ab\u00a0anecdotiques\u00a0\u00bb, mais \u00ab\u00a0significatifs\u00a0\u00bb, touchant les habitudes vestimentaires et alimentaires des Alg\u00e9riens. Ces mutations seront observ\u00e9es, dira-t-il, dans le milieu des ouvriers agricoles, mais aussi suite \u00e0 l&rsquo;apparition du salariat et du syndicalisme, ce dernier donnant rapidement lieu aux contestations d&rsquo;ordre social et \u00e0 une forme organisation de la soci\u00e9t\u00e9 civile.<\/p>\n<p>Abdelmadjid Merdaci rappellera, \u00e0 ce propos, que cette p\u00e9riode a connu une mouvement migratoire interne et un d\u00e9but d&rsquo; \u00ab\u00a0urbanisation\u00a0\u00bb accompagn\u00e9 de la cr\u00e9ation d&rsquo;associations et de \u00ab\u00a0clubs musulmans\u00a0\u00bb dans des villes comme Alger, Tlemcen et Constantine.<\/p>\n<p>D&rsquo;autres rencontres th\u00e9matiques dont un podium d\u00e9di\u00e9 aux jeunes \u00e9crivains et des conf\u00e9rences sur la litt\u00e9rature et le th\u00e9\u00e2tre, la po\u00e9sie melhoun et autre bande dessin\u00e9e sont \u00e9galement au programme du salon.<\/p>\n<p>Le 24e Sila est ouvert au public tous les jours de 10 heures \u00e0 19 heures jusqu&rsquo;au 9 novembre au Palais des expositions des Pins-Maritimes .<\/p>\n<\/div>\n<p>Auteur:<br \/>\n<a href=\"http:\/\/www.aps.dz\/culture\/96759-sila-evocation-des-changements-sociaux-en-algerie-apres-la-premiere-guerre-mondiale\">Cliquez ici pour lire l&rsquo;article depuis sa source.<\/a><\/p>\n","protected":false},"excerpt":{"rendered":"<p>ALGER- Des historiens alg\u00e9riens et fran\u00e7ais ont abord\u00e9, lors d&rsquo;une rencontre vendredi \u00e0 Alger, les changements sociaux intervenus en Alg\u00e9rie apr\u00e8s la premi\u00e8re guerre mondiale ainsi que les pr\u00e9mices d&rsquo;une prise de conscience de la soci\u00e9t\u00e9 alg\u00e9rienne face au colonialisme fran\u00e7ais. Organis\u00e9e en marge du 24e Salon international du livre d&rsquo;Alger (Sila), ouvert jeudi, la [&hellip;]<\/p>\n","protected":false},"author":1790,"featured_media":0,"comment_status":"closed","ping_status":"closed","sticky":false,"template":"","format":"standard","meta":{"fifu_image_url":"","fifu_image_alt":"","footnotes":""},"categories":[53,79],"tags":[],"class_list":["post-66282","post","type-post","status-publish","format-standard","hentry","category-algerie","category-culture"],"_links":{"self":[{"href":"https:\/\/linitiative.ca\/International\/wp-json\/wp\/v2\/posts\/66282","targetHints":{"allow":["GET"]}}],"collection":[{"href":"https:\/\/linitiative.ca\/International\/wp-json\/wp\/v2\/posts"}],"about":[{"href":"https:\/\/linitiative.ca\/International\/wp-json\/wp\/v2\/types\/post"}],"author":[{"embeddable":true,"href":"https:\/\/linitiative.ca\/International\/wp-json\/wp\/v2\/users\/1790"}],"replies":[{"embeddable":true,"href":"https:\/\/linitiative.ca\/International\/wp-json\/wp\/v2\/comments?post=66282"}],"version-history":[{"count":0,"href":"https:\/\/linitiative.ca\/International\/wp-json\/wp\/v2\/posts\/66282\/revisions"}],"wp:attachment":[{"href":"https:\/\/linitiative.ca\/International\/wp-json\/wp\/v2\/media?parent=66282"}],"wp:term":[{"taxonomy":"category","embeddable":true,"href":"https:\/\/linitiative.ca\/International\/wp-json\/wp\/v2\/categories?post=66282"},{"taxonomy":"post_tag","embeddable":true,"href":"https:\/\/linitiative.ca\/International\/wp-json\/wp\/v2\/tags?post=66282"}],"curies":[{"name":"wp","href":"https:\/\/api.w.org\/{rel}","templated":true}]}}