{"id":66283,"date":"2019-11-02T13:01:01","date_gmt":"2019-11-02T17:01:01","guid":{"rendered":"https:\/\/linitiative.ca\/International\/lemigration-dans-la-revolution-algerienne-parcours-et-temoignages-un-recit-de-djillali-leghima\/"},"modified":"2019-11-02T13:01:01","modified_gmt":"2019-11-02T17:01:01","slug":"lemigration-dans-la-revolution-algerienne-parcours-et-temoignages-un-recit-de-djillali-leghima","status":"publish","type":"post","link":"https:\/\/linitiative.ca\/International\/lemigration-dans-la-revolution-algerienne-parcours-et-temoignages-un-recit-de-djillali-leghima\/","title":{"rendered":"\u00ab\u00a0L&rsquo;\u00e9migration dans la r\u00e9volution alg\u00e9rienne, parcours et t\u00e9moignages\u00a0\u00bb, un r\u00e9cit de Djillali Leghima"},"content":{"rendered":"<div readability=\"36\">\n<p><strong>ALGER- Dans son livre \u00ab\u00a0L&rsquo;\u00e9migration dans la r\u00e9volution alg\u00e9rienne, parcours et t\u00e9moignages\u00a0\u00bb, Djillali Leghima revient sur son parcours de militant et son engagement dans les diff\u00e9rentes structures du mouvement national de la fin des ann\u00e9es 1940 jusqu&rsquo;\u00e0 l&rsquo;ind\u00e9pendance de l&rsquo;Alg\u00e9rie.<\/strong><\/p>\n<\/div>\n<div readability=\"122\">\n<p>Paru aux \u00e9ditions \u00ab\u00a0Chihab\u00a0\u00bb \u00e0 l&rsquo;occasion du 24e Salon international du livre d&rsquo;Alger (Sila), cet ouvrage de 226 pages a \u00e9t\u00e9 \u00e9crit par \u00ab\u00a0devoir de t\u00e9moigner et de transmettre\u00a0\u00bb,\u00a0 devant\u00a0 guider chaque acteur de cette p\u00e9riode soucieux de \u00ab\u00a0participer \u00e0 l&rsquo;\u00e9criture de l&rsquo;histoire de la r\u00e9volution alg\u00e9rienne qui n&rsquo;est pas achev\u00e9e\u00a0\u00bb, jusitifie l&rsquo;auteur.<\/p>\n<p>N\u00e9 en 1931, Djillali Leghima remonte aux premi\u00e8res ann\u00e9es de son enfance dans le village de Souama\u00e2 en Kabylie. Il revient sur sa scolarit\u00e9, les conditions de vie tr\u00e8s difficiles des Alg\u00e9riens pendant la seconde guerre mondiale ainsi que sur ses premiers contacts avec des militants du Mtld (Mouvement pour le triomphe des libert\u00e9s d\u00e9mocratiques) en 1947, l&rsquo;ann\u00e9e de la tourn\u00e9e de Messali Hadj dans la r\u00e9gion.<\/p>\n<p>Immigr\u00e9 en France en 1951, l&rsquo;auteur passera onze ans dans ce pays o\u00f9 il se retrouvera ouvrier, affili\u00e9 \u00e0 la Conf\u00e9d\u00e9ration g\u00e9n\u00e9rale du travail (Cgt, syndicat). De ces ann\u00e9es de dur labeur, il dressera, d&rsquo;abord, un tableau des conditions de vie et de travail des Alg\u00e9riens en France.<\/p>\n<p>Sur l&rsquo;engagement politique des \u00e9migr\u00e9s, l&rsquo;auteur s&rsquo;arr\u00eate sur un \u00e9pisode douloureux pour \u00e9voquer le massacre du 14 juillet 1953: six manifestants parmi les travailleurs alg\u00e9riens qui arboraient le drapeau alg\u00e9rien et scandaient des slogans hostiles au colonialisme, trouv\u00e8rent la mort en ce jour cens\u00e9 c\u00e9l\u00e9brer la lib\u00e9ration de la France du nazisme.<\/p>\n<p>Apr\u00e8s \u00eatre longuement revenu sur le crise du Mtld \u00e0 l&rsquo;\u00e9t\u00e9 1954, Djillali Leghima fait \u00e9tat de deux tentatives de rapprochement, en juillet 1954, entre le Fln et Messali Hadj, \u00e0 l&rsquo;initiative de Mohamed Boudiaf et Mustapha Ben Boulaid (deux membres du Groupe de 22), ainsi que de Abbane Ramdane au printemps 1955.<\/p>\n<p>Ces intiatives essuieront un refus cat\u00e9gorique de Messali qui \u00ab\u00a0n&rsquo;avait pas confiance en ces jeunes, pourtant messalistes et militants du Ppa\/Mtld\u00a0\u00bb, souligne l&rsquo;auteur.<\/p>\n<p>Outre les rivalit\u00e9s et violences entre le Fln et le Mna (Mouvement national alg\u00e9rien), l&rsquo;ouvrage \u00e9voque la logistique mise en place pour organiser la f\u00e9d\u00e9ration de France du Fln ainsi que la collecte, la s\u00e9curisat ion et l&rsquo;acheminement de l&rsquo;argent provenant des cotisations des travailleurs alg\u00e9riens en France en guise de participation \u00e0 l&rsquo;effort de guerre.<\/p>\n<p>Djillali Leghima rapporte \u00e9galement le bilan \u00ab\u00a0d\u00e9plorable\u00a0\u00bb des affrontements entre les militants des deux organisations qui auront fait \u00ab\u00a04500 morts et environs 900 bless\u00e9s\u00a0\u00bb, selon les chiffres qu&rsquo;il avance.<\/p>\n<p>Un compte rendu d\u00e9taill\u00e9 des actions de l&rsquo;Organisation sp\u00e9cial du Fln (Os), charg\u00e9 d&rsquo;ouvrir un nouveau front de la guerre sur le sol fran\u00e7ais fait aussi \u00e9tat d&rsquo;une centaine d&rsquo;op\u00e9rations de sabotage et d&rsquo;attaques arm\u00e9es, men\u00e9es entre le 25 ao\u00fbt et le 30 septembre 1958.<\/p>\n<p>L&rsquo;auteur n&rsquo;omet pas d&rsquo;\u00e9voquer le soutien \u00ab\u00a0pr\u00e9cieux\u00a0\u00bb apport\u00e9 \u00e0 la cause alg\u00e9rienne par des Fran\u00e7ais appartenant g\u00e9n\u00e9ralement au \u00ab\u00a0monde m\u00e9diatique et intellectuel, et qui rassemble chr\u00e9tiens de gauche, communistes, trotskistes et syndicalistes\u00a0\u00bb.<\/p>\n<p>L&rsquo;arrestation en f\u00e9vrier 1960, puis le proc\u00e8s d&rsquo;une vingtaine de membres de ce r\u00e9seau, provoquera la publication de \u00ab\u00a0droit \u00e0 l&rsquo;insoumission\u00a0\u00bb, un manifeste sign\u00e9 par 121 intellectuels parmi les noms les plus prestigieux de l&rsquo;\u00e9lite intellectuelle fran\u00e7aise.<\/p>\n<p>Autre d\u00e9tail d&rsquo;importance, l&rsquo;ouvrage situe le nombre de militants \u00e0 150 000 hommes et femmes structur\u00e9s au sein de la f\u00e9d\u00e9ration de France du Fln.<\/p>\n<p>En plus d&rsquo;avoir fourni un \u00ab\u00a0apport financier appr\u00e9ciable\u00a0\u00bb et constitu\u00e9 une v\u00e9ritable force de frappe, la wilaya VII, appel\u00e9e commun\u00e9ment F\u00e9d\u00e9ration du Fln, devait payer un lourd tribut \u00e0 la r\u00e9volution avec plus de 3000 morts et quelque 30.000 militants jet\u00e9s dans les prisons et autres centres d&rsquo;internement.<\/p>\n<\/div>\n<p>Auteur:<br \/>\n<a href=\"http:\/\/www.aps.dz\/culture\/96763-l-emigration-dans-la-revolution-algerienne-parcours-et-temoignages-un-recit-de-djillali-leghima\">Cliquez ici pour lire l&rsquo;article depuis sa source.<\/a><\/p>\n","protected":false},"excerpt":{"rendered":"<p>ALGER- Dans son livre \u00ab\u00a0L&rsquo;\u00e9migration dans la r\u00e9volution alg\u00e9rienne, parcours et t\u00e9moignages\u00a0\u00bb, Djillali Leghima revient sur son parcours de militant et son engagement dans les diff\u00e9rentes structures du mouvement national de la fin des ann\u00e9es 1940 jusqu&rsquo;\u00e0 l&rsquo;ind\u00e9pendance de l&rsquo;Alg\u00e9rie. Paru aux \u00e9ditions \u00ab\u00a0Chihab\u00a0\u00bb \u00e0 l&rsquo;occasion du 24e Salon international du livre d&rsquo;Alger (Sila), cet [&hellip;]<\/p>\n","protected":false},"author":1790,"featured_media":0,"comment_status":"closed","ping_status":"closed","sticky":false,"template":"","format":"standard","meta":{"fifu_image_url":"","fifu_image_alt":"","footnotes":""},"categories":[53,79],"tags":[],"class_list":["post-66283","post","type-post","status-publish","format-standard","hentry","category-algerie","category-culture"],"_links":{"self":[{"href":"https:\/\/linitiative.ca\/International\/wp-json\/wp\/v2\/posts\/66283","targetHints":{"allow":["GET"]}}],"collection":[{"href":"https:\/\/linitiative.ca\/International\/wp-json\/wp\/v2\/posts"}],"about":[{"href":"https:\/\/linitiative.ca\/International\/wp-json\/wp\/v2\/types\/post"}],"author":[{"embeddable":true,"href":"https:\/\/linitiative.ca\/International\/wp-json\/wp\/v2\/users\/1790"}],"replies":[{"embeddable":true,"href":"https:\/\/linitiative.ca\/International\/wp-json\/wp\/v2\/comments?post=66283"}],"version-history":[{"count":0,"href":"https:\/\/linitiative.ca\/International\/wp-json\/wp\/v2\/posts\/66283\/revisions"}],"wp:attachment":[{"href":"https:\/\/linitiative.ca\/International\/wp-json\/wp\/v2\/media?parent=66283"}],"wp:term":[{"taxonomy":"category","embeddable":true,"href":"https:\/\/linitiative.ca\/International\/wp-json\/wp\/v2\/categories?post=66283"},{"taxonomy":"post_tag","embeddable":true,"href":"https:\/\/linitiative.ca\/International\/wp-json\/wp\/v2\/tags?post=66283"}],"curies":[{"name":"wp","href":"https:\/\/api.w.org\/{rel}","templated":true}]}}