{"id":66289,"date":"2019-11-01T19:31:54","date_gmt":"2019-11-01T23:31:54","guid":{"rendered":"https:\/\/linitiative.ca\/International\/des-hotes-conquis-par-la-voix-de-suzanne-harroch\/"},"modified":"2019-11-01T19:31:54","modified_gmt":"2019-11-01T23:31:54","slug":"des-hotes-conquis-par-la-voix-de-suzanne-harroch","status":"publish","type":"post","link":"https:\/\/linitiative.ca\/International\/des-hotes-conquis-par-la-voix-de-suzanne-harroch\/","title":{"rendered":"Des h\u00f4tes conquis par la voix de Suzanne Harroch"},"content":{"rendered":"<div readability=\"37\">\n<p>Essaouira \u2013 La chanteuse marocaine Suzanne Harroch a conquis, vendredi \u00e0 Essaouira, le coeur des h\u00f4tes de la 16\u00e8 \u00e9dition du Festival des Andalousies Atlantiques, lors d\u2019un concert-conf\u00e9rence sublime et de toute beaut\u00e9.<\/p>\n<\/div>\n<div readability=\"126\">\n<p>Lors de ce concert-conf\u00e9rence, anim\u00e9 par le journaliste et \u00e9crivain Mohamed Ameskane, la toute talentueuse Harroch a convi\u00e9 le public pr\u00e9sent \u00e0 un long p\u00e9riple, le temps de rendre au r\u00e9pertoire musical jud\u00e9o-marocain tout son lustre d\u2019antan.<\/p>\n<p>Dans une ambiance empreinte de convivialit\u00e9 et surtout de joie de ces belles retrouvailles dans la cit\u00e9 des Aliz\u00e9s entre musulmans, juifs et chr\u00e9tiens, Suzanne Harroch a ainsi gratifi\u00e9 le public pr\u00e9sent d\u2019un floril\u00e8ge de chansons interpr\u00e9t\u00e9es en toute aisance et fluidit\u00e9, entre langue arabe et h\u00e9breu pour chanter la paix, l\u2019amour, la coexistence et le vivre-ensemble qui caract\u00e9riseront \u00e0 jamais le Royaume, cette terre b\u00e9nie.<\/p>\n<p>En se faisant, Suzanne Harroch a su interpr\u00e9ter, avec sinc\u00e9rit\u00e9, authenticit\u00e9 et plein de charme, un r\u00e9pertoire jud\u00e9o-marocain particulier, si riche et vari\u00e9 et combien si cher \u00e0 tous les Marocains.<\/p>\n<p>Rehauss\u00e9 par la pr\u00e9sence notamment du Conseiller de Sa Majest\u00e9 le Roi et Pr\u00e9sident-fondateur de l\u2019Association Essaouira-Mogador, M. Andr\u00e9 Azoulay, de M. Serge Berdugo, Secr\u00e9taire G\u00e9n\u00e9ral du Conseil des Communaut\u00e9s Isra\u00e9lites du Maroc, ainsi que d\u2019autres personnalit\u00e9s, cette f\u00eate musicale a offert l\u2019opportunit\u00e9 \u00e0 tous de comprendre et de saisir la juste mesure de la r\u00e9silience, de la profondeur et de l\u2019enracinement du patrimoine spirituel, artistique et culturel du juda\u00efsme marocain.<\/p>\n<p>Approch\u00e9e par la MAP, Suzanne Harroch a dit toute sa joie et sa grande fiert\u00e9 de se retrouver \u00e0 Essaouira le temps du Festival des Andalousies Atlantiques, un \u00e9v\u00e9nement si riche en significations dans un Maroc o\u00f9 la coexistence, la tol\u00e9rance et l\u2019interaction entre musulmans et juifs ont toujours exist\u00e9 au fil des si\u00e8cles.<\/p>\n<p>\u00ab\u00a0J\u2019ai choisi un r\u00e9pertoire tr\u00e8s particulier, je dirai m\u00eame que j\u2019ai choisi la difficult\u00e9 en optant pour des chants religieux car, chaque fois qu\u2019il y a un festival \u00e0 Essaouira, c\u2019est toujours ce th\u00e8me de la coexistence, de la tol\u00e9rance et du vivre ensemble qui caract\u00e9rise et constitue l\u2019esprit m\u00eame de notre cher pays, le Maroc\u00a0\u00bb, s\u2019est-elle f\u00e9licit\u00e9e.<\/p>\n<p>\u00ab\u00a0A Essaouira comme partout ailleurs au Maroc, on essaye de transmettre des messages entre Juifs et Musulmans, on explique aux jeunes pourquoi leurs parents et leurs grands-parents sont rest\u00e9s \u00e0 jamais tr\u00e8s attach\u00e9s \u00e0 ce pays et c\u2019est toute la finalit\u00e9\u00a0\u00bb, a expliqu\u00e9 Mme Harroch.<\/p>\n<p>\u00ab\u00a0Je suis tellement fi\u00e8re et si honor\u00e9e d\u2019interpr\u00e9ter ces chants religieux, tout en y ins\u00e9rant ces belles valeurs de patriotisme et d\u2019attachement au Maroc et au glorieux Tr\u00f4ne Alaouite\u00a0\u00bb, a-t-elle dit, r\u00e9it\u00e9rant sa d\u00e9termination \u00e0 continuer \u00e0 chanter pour la paix, la qui\u00e9tude, l\u2019amour, la coexistence et la tol\u00e9rance.<\/p>\n<p>\u00ab\u00a0Le Maroc, gr\u00e2ce au leadership de Sa Majest\u00e9 le Roi Mohammed VI, est un mod\u00e8le \u00e0 suivre en mati\u00e8re de coexistence et de vivre-ensemble. Un signe d\u2019honneur et de grande fiert\u00e9 pour tous les Marocains, abstraction faite de leurs religions\u00a0\u00bb, a-t-elle conclu.<\/p>\n<p>\u00ab\u00a0Dans le cadre de la 16\u00e8 \u00e9dition du Festival des Andalousies Atlantiques, nous avons pens\u00e9 \u00e0 quelque chose d\u2019original et nous avons invit\u00e9 Mme Harroch \u00e0 participer \u00e0 ce festival avec un r\u00e9pertoire musical de sa r\u00e9gion, Erfoud, un pari amplement r\u00e9ussi\u00a0\u00bb, s\u2019est f\u00e9licit\u00e9, de son c\u00f4t\u00e9, M. Ameskane, mettant en avant l\u2019\u00e9tonnant parcours professionnel de cette chanteuse hors-pair et son engagement pour pr\u00e9server le patrimoine jud\u00e9o-marocain.<\/p>\n<\/div>\n<p>Auteur: Meriem IGASS<br \/>\n<a href=\"http:\/\/www.mapmarrakech.ma\/fr\/harroch\/\">Cliquez ici pour lire l&rsquo;article depuis sa source.<\/a><\/p>\n","protected":false},"excerpt":{"rendered":"<p>Essaouira \u2013 La chanteuse marocaine Suzanne Harroch a conquis, vendredi \u00e0 Essaouira, le coeur des h\u00f4tes de la 16\u00e8 \u00e9dition du Festival des Andalousies Atlantiques, lors d\u2019un concert-conf\u00e9rence sublime et de toute beaut\u00e9. Lors de ce concert-conf\u00e9rence, anim\u00e9 par le journaliste et \u00e9crivain Mohamed Ameskane, la toute talentueuse Harroch a convi\u00e9 le public pr\u00e9sent \u00e0 [&hellip;]<\/p>\n","protected":false},"author":1788,"featured_media":0,"comment_status":"closed","ping_status":"closed","sticky":false,"template":"","format":"standard","meta":{"fifu_image_url":"","fifu_image_alt":"","footnotes":""},"categories":[54,76],"tags":[],"class_list":["post-66289","post","type-post","status-publish","format-standard","hentry","category-maroc","category-regions"],"_links":{"self":[{"href":"https:\/\/linitiative.ca\/International\/wp-json\/wp\/v2\/posts\/66289","targetHints":{"allow":["GET"]}}],"collection":[{"href":"https:\/\/linitiative.ca\/International\/wp-json\/wp\/v2\/posts"}],"about":[{"href":"https:\/\/linitiative.ca\/International\/wp-json\/wp\/v2\/types\/post"}],"author":[{"embeddable":true,"href":"https:\/\/linitiative.ca\/International\/wp-json\/wp\/v2\/users\/1788"}],"replies":[{"embeddable":true,"href":"https:\/\/linitiative.ca\/International\/wp-json\/wp\/v2\/comments?post=66289"}],"version-history":[{"count":0,"href":"https:\/\/linitiative.ca\/International\/wp-json\/wp\/v2\/posts\/66289\/revisions"}],"wp:attachment":[{"href":"https:\/\/linitiative.ca\/International\/wp-json\/wp\/v2\/media?parent=66289"}],"wp:term":[{"taxonomy":"category","embeddable":true,"href":"https:\/\/linitiative.ca\/International\/wp-json\/wp\/v2\/categories?post=66289"},{"taxonomy":"post_tag","embeddable":true,"href":"https:\/\/linitiative.ca\/International\/wp-json\/wp\/v2\/tags?post=66289"}],"curies":[{"name":"wp","href":"https:\/\/api.w.org\/{rel}","templated":true}]}}