{"id":66290,"date":"2019-11-01T20:39:29","date_gmt":"2019-11-02T00:39:29","guid":{"rendered":"https:\/\/linitiative.ca\/International\/la-communaute-mexicaine-celebre-le-jour-des-morts\/"},"modified":"2019-11-01T20:39:29","modified_gmt":"2019-11-02T00:39:29","slug":"la-communaute-mexicaine-celebre-le-jour-des-morts","status":"publish","type":"post","link":"https:\/\/linitiative.ca\/International\/la-communaute-mexicaine-celebre-le-jour-des-morts\/","title":{"rendered":"La communaut\u00e9 mexicaine c\u00e9l\u00e8bre \u00ab\u00a0le Jour des Morts\u00a0\u00bb"},"content":{"rendered":"<div readability=\"36\">\n<p>Marrakech \u2013 La communaut\u00e9 mexicaine de Marrakech a organis\u00e9 vendredi soir, une soir\u00e9e sp\u00e9ciale pour c\u00e9l\u00e9brer le Jour des Morts (D\u00eda de los muertos), qui est la tradition la plus repr\u00e9sentative de la culture de ce pays am\u00e9ricain.<\/p>\n<\/div>\n<div readability=\"108\">\n<p>Cette f\u00eate, \u00ab\u00a0qui marque le retour temporaire sur terre des \u00eatres chers d\u00e9c\u00e9d\u00e9s\u00a0\u00bb et dont les origines remontent au moins \u00e0 3.000 ans, \u00e0 l\u2019\u00e9poque des civilisations m\u00e9soam\u00e9riques des Azt\u00e8ques, les Mayas, les Pur\u00e9pechas, les Nahuas et les Totonacas, rev\u00eat une grande importance aux yeux des Mexicains.<\/p>\n<p>En effet, cette tradition, reconnue comme patrimoine culturel de l\u2019humanit\u00e9 par l\u2019UNESCO depuis 2003, est c\u00e9l\u00e9br\u00e9e le 02 novembre de chaque ann\u00e9e en grande pompe et dans la joie et la bonne humeur.<\/p>\n<p>A l\u2019Institut Cervant\u00e8s de Marrakech, et en pr\u00e9sence de membres de la communaut\u00e9 mexicaine et de personnalit\u00e9s appartenant \u00e0 divers domaines, un autel a \u00e9t\u00e9 dress\u00e9 \u00ab\u00a0en l\u2019honneur des \u00e2mes des morts\u00a0\u00bb.<\/p>\n<p>La communaut\u00e9 mexicaine a souhait\u00e9 d\u00e9di\u00e9 cet autel aux grands acteurs et actrices de l\u2019\u00e2ge d\u2019or du cin\u00e9ma mexicain, ainsi qu\u2019aux peintres, romanciers et sculpteurs mexicains.<\/p>\n<p>Selon Ana Lizbeth Buenaventura, une artiste mexicaine r\u00e9sidant \u00e0 Marrakech, l\u2019autel avec ses offrandes reste l\u2019\u00e9l\u00e9ment le plus repr\u00e9sentatif du Jour des Morts au Mexique.<\/p>\n<p>Durant cet autel, on peut retrouver notamment les photos du d\u00e9funt, des cierges, de l\u2019encens, des fleurs, des bonbons, des jouets d\u2019enfants mais aussi des nourritures pr\u00e9f\u00e9r\u00e9es des morts durant leur vie pour leur faire plaisir\u00a0: de l\u2019eau, le pain des morts, le chocolat et de l\u2019alcool, a-t-elle expliqu\u00e9.<\/p>\n<p>Cette artiste habill\u00e9e en \u00ab\u00a0La Catrina\u00a0\u00bb, personnage populaire de la culture mexicaine (squelette f\u00e9minin v\u00eatu de riches habits et portant un chapeau),\u00a0a indiqu\u00e9 que les autels commencent \u00e0 se dessiner le 28 octobre et atteignent leur apog\u00e9e le 02 novembre.<\/p>\n<p>Si la c\u00e9l\u00e9bration du Jour des Morts varie d\u2019une r\u00e9gion et d\u2019une ville mexicaine \u00e0 l\u2019autre, cependant elle a un principe commun\u00a0: la famille se r\u00e9unit pour accueillir les \u00e2mes des morts, placer les autels et les offrandes, visiter les cimeti\u00e8res et am\u00e9nager les tombes entre autres, a-t-elle pr\u00e9cis\u00e9 tout en tentant\u00a0de rapprocher l\u2019assistance des origines et des significations de cette tradition aux rythmes de musique traditionnelle mexicaine..<\/p>\n<p>Selon cette artiste mexicaine, mari\u00e9e \u00e0 un Marocain, le Jour des morts donne lieu \u00e0 des d\u00e9fil\u00e9s dans la rue au rythme d\u2019une musique joyeuse.<\/p>\n<p>Les gens se d\u00e9guisent avec des maquillages et des costumes folkloriques comme celui de la Catrina. Ils se dirigent jusqu\u2019au cimeti\u00e8re, o\u00f9 famille et amis se recueillent autour de la tombe du d\u00e9funt, l\u2019occasion de partager avec lui son plat pr\u00e9f\u00e9r\u00e9.<\/p>\n<p>Organis\u00e9 par l\u2019Ambassade du Mexique au Maroc et l\u2019Institut Cervant\u00e8s, cet \u00e9v\u00e9nement s\u2019inscrit dans le cadre de la c\u00e9l\u00e9bration de la Semaine Globale du Mexique 2019.<\/p>\n<\/div>\n<p>Auteur: Meriem IGASS<br \/>\n<a href=\"http:\/\/www.mapmarrakech.ma\/fr\/morts\/\">Cliquez ici pour lire l&rsquo;article depuis sa source.<\/a><\/p>\n","protected":false},"excerpt":{"rendered":"<p>Marrakech \u2013 La communaut\u00e9 mexicaine de Marrakech a organis\u00e9 vendredi soir, une soir\u00e9e sp\u00e9ciale pour c\u00e9l\u00e9brer le Jour des Morts (D\u00eda de los muertos), qui est la tradition la plus repr\u00e9sentative de la culture de ce pays am\u00e9ricain. Cette f\u00eate, \u00ab\u00a0qui marque le retour temporaire sur terre des \u00eatres chers d\u00e9c\u00e9d\u00e9s\u00a0\u00bb et dont les origines [&hellip;]<\/p>\n","protected":false},"author":1788,"featured_media":0,"comment_status":"closed","ping_status":"closed","sticky":false,"template":"","format":"standard","meta":{"fifu_image_url":"","fifu_image_alt":"","footnotes":""},"categories":[54,76],"tags":[],"class_list":["post-66290","post","type-post","status-publish","format-standard","hentry","category-maroc","category-regions"],"_links":{"self":[{"href":"https:\/\/linitiative.ca\/International\/wp-json\/wp\/v2\/posts\/66290","targetHints":{"allow":["GET"]}}],"collection":[{"href":"https:\/\/linitiative.ca\/International\/wp-json\/wp\/v2\/posts"}],"about":[{"href":"https:\/\/linitiative.ca\/International\/wp-json\/wp\/v2\/types\/post"}],"author":[{"embeddable":true,"href":"https:\/\/linitiative.ca\/International\/wp-json\/wp\/v2\/users\/1788"}],"replies":[{"embeddable":true,"href":"https:\/\/linitiative.ca\/International\/wp-json\/wp\/v2\/comments?post=66290"}],"version-history":[{"count":0,"href":"https:\/\/linitiative.ca\/International\/wp-json\/wp\/v2\/posts\/66290\/revisions"}],"wp:attachment":[{"href":"https:\/\/linitiative.ca\/International\/wp-json\/wp\/v2\/media?parent=66290"}],"wp:term":[{"taxonomy":"category","embeddable":true,"href":"https:\/\/linitiative.ca\/International\/wp-json\/wp\/v2\/categories?post=66290"},{"taxonomy":"post_tag","embeddable":true,"href":"https:\/\/linitiative.ca\/International\/wp-json\/wp\/v2\/tags?post=66290"}],"curies":[{"name":"wp","href":"https:\/\/api.w.org\/{rel}","templated":true}]}}