{"id":66291,"date":"2019-11-02T10:12:55","date_gmt":"2019-11-02T14:12:55","guid":{"rendered":"https:\/\/linitiative.ca\/International\/essaouira-rend-un-incandescent-hommage-a-feue-ghita-el-oufir\/"},"modified":"2019-11-02T10:12:55","modified_gmt":"2019-11-02T14:12:55","slug":"essaouira-rend-un-incandescent-hommage-a-feue-ghita-el-oufir","status":"publish","type":"post","link":"https:\/\/linitiative.ca\/International\/essaouira-rend-un-incandescent-hommage-a-feue-ghita-el-oufir\/","title":{"rendered":"Essaouira rend un incandescent hommage \u00e0 Feue Ghita El Oufir"},"content":{"rendered":"<div readability=\"41\">\n<p>Essaouira \u2013 Un groupe de jeunes femmes musiciennes a cr\u00e9\u00e9 une grande sensation, vendredi \u00e0 Essaouira, en gratifiant le public, venu tr\u00e8s nombreux assister \u00e0 la 16\u00e8 \u00e9dition du Festival des Andalousies Atlantiques, d\u2019un surprenant concert, in\u00e9dit et de toute beaut\u00e9, pour rendre un incandescent hommage \u00e0 Feue Ghita El Oufir.<\/p>\n<\/div>\n<div readability=\"118\">\n<p>Dans une ambiance empreinte de convivialit\u00e9, de partage et de communion, les musiciennes Kha\u00efra Afazaz, Majdouline Bensghir, Falak Krikez, Yael Lavie, Daria Mosenzon, Attika Afazaz, et Hanaa Haddad, accompagn\u00e9es dans cette belle aventure musicale par les voix sublimes et cristallines de Chaimae Imran et Samia Lantri ont enchant\u00e9 l\u2019assistance, en revisitant un r\u00e9pertoire tout aussi riche que vari\u00e9 de la musique andalouse.<\/p>\n<p>Ce concert 100% f\u00e9minin, qui ne d\u00e9roge nullement \u00e0 l\u2019esprit de cette nouvelle \u00e9dition du Festival des Andalousies Atlantiques, marqu\u00e9 du sceau de la f\u00e9minit\u00e9, a tenu toutes ses promesses en r\u00e9ussissant \u00e0 mettre en lumi\u00e8re un nom qui, h\u00e9las, risque d\u2019\u00eatre oubli\u00e9: Lalla Ghita El Oufir.<\/p>\n<p>Il s\u2019agit, en somme, de v\u00e9ritables retrouvailles entre musulmans, juifs et chr\u00e9tiens parmi les h\u00f4tes de la cit\u00e9 des Aliz\u00e9s, pour honorer la m\u00e9moire de cette ic\u00f4ne \u00e0 partir d\u2019Essaouira, terre de partage, d\u2019ouverture et surtout de reconnaissance \u00e0 tous ceux et celles qui d\u00e9fendent coeur et \u00e2me les valeurs d\u2019humanisme, de tol\u00e9rance, d\u2019amour et du vivre-ensemble.<\/p>\n<p>N\u00e9e en 1934, Ghita El Oufir grandit au sein d\u2019une famille de musiciens dont le p\u00e8re, Omar El Oufir, faisait partie de l\u2019Orchestre andalou de Radio Maroc.<\/p>\n<p>C\u2019est lui, le ma\u00eetre confectionneur et arrangeur des instruments de musique, qui l\u2019initia au piano, \u00e0 l\u2019accord\u00e9on et \u00e0 la harpe. Un apprentissage compl\u00e9t\u00e9 par la fr\u00e9quentation d\u2019autres Ma\u00e2lems tels que Omar Ja\u00efdi, Abdessalam Khiati et Haj Mohamed Tartouche, alors chef de l\u2019Orchestre 55.<\/p>\n<p>Gr\u00e2ce \u00e0 Moulay Ahmed Loukili, Feue Ghita El Oufir int\u00e8gre l\u2019Orchestre National de Musique Andalouse aux premi\u00e8res ann\u00e9es de l\u2019ind\u00e9pendance pour ne plus le quitter jusqu\u2019\u00e0 sa retraite.<\/p>\n<p>A la mort de son p\u00e8re, Ghita El Oufir retrousse ses manches et se lance dans le monde du travail, \u00f4 combien masculin \u00e0 l\u2019\u00e9poque, afin de subvenir aux besoins de sa m\u00e8re et de ses petites soeurs.<\/p>\n<p>En \u00ab\u00a0homme de la maison\u00a0\u00bb, elle travaille, habill\u00e9e \u00e0 l\u2019europ\u00e9enne, comme pompiste, m\u00e9canicienne et chauffeur de poids lourds! De vieilles Rbaties se souviennent d\u2019elle comme l\u2019une des premi\u00e8res monitrices de la conduite auto. Mais en femme \u00e9mancip\u00e9e, Ghita El Oufir sauvegarde sa f\u00e9minit\u00e9, confectionne des objets artisanaux \u00e0 l\u2019instar de sa maman, sp\u00e9cialiste des habits pour enfants qui s\u2019appr\u00eate aux c\u00e9r\u00e9monies de circoncision et cultive sa passion, la musique andalouse, dont elle reste l\u2019une des figures incontournables.<\/p>\n<p>Tout au long d\u2019une quarantaine d\u2019ann\u00e9es, elle a accompagn\u00e9 les ensembles des chefs Abdelkrim Ra\u00efs, Mohamed Ben Larbi Tamsamani et bien s\u00fbr Moulay Ahmed Loukili au Maroc et \u00e0 travers les quatre coins de la plan\u00e8te.<\/p>\n<p>Elle a \u00e0 son actif pas moins de 267 enregistrements radiophoniques et plus de 150 programmes t\u00e9l\u00e9vis\u00e9s. Hajja Ghita El Oufir nous a quitt\u00e9 le 07 septembre 2009.<\/p>\n<\/div>\n<p>Auteur: Meriem IGASS<br \/>\n<a href=\"http:\/\/www.mapmarrakech.ma\/fr\/hommage-2\/\">Cliquez ici pour lire l&rsquo;article depuis sa source.<\/a><\/p>\n","protected":false},"excerpt":{"rendered":"<p>Essaouira \u2013 Un groupe de jeunes femmes musiciennes a cr\u00e9\u00e9 une grande sensation, vendredi \u00e0 Essaouira, en gratifiant le public, venu tr\u00e8s nombreux assister \u00e0 la 16\u00e8 \u00e9dition du Festival des Andalousies Atlantiques, d\u2019un surprenant concert, in\u00e9dit et de toute beaut\u00e9, pour rendre un incandescent hommage \u00e0 Feue Ghita El Oufir. Dans une ambiance empreinte [&hellip;]<\/p>\n","protected":false},"author":1788,"featured_media":0,"comment_status":"closed","ping_status":"closed","sticky":false,"template":"","format":"standard","meta":{"fifu_image_url":"","fifu_image_alt":"","footnotes":""},"categories":[54,76],"tags":[],"class_list":["post-66291","post","type-post","status-publish","format-standard","hentry","category-maroc","category-regions"],"_links":{"self":[{"href":"https:\/\/linitiative.ca\/International\/wp-json\/wp\/v2\/posts\/66291","targetHints":{"allow":["GET"]}}],"collection":[{"href":"https:\/\/linitiative.ca\/International\/wp-json\/wp\/v2\/posts"}],"about":[{"href":"https:\/\/linitiative.ca\/International\/wp-json\/wp\/v2\/types\/post"}],"author":[{"embeddable":true,"href":"https:\/\/linitiative.ca\/International\/wp-json\/wp\/v2\/users\/1788"}],"replies":[{"embeddable":true,"href":"https:\/\/linitiative.ca\/International\/wp-json\/wp\/v2\/comments?post=66291"}],"version-history":[{"count":0,"href":"https:\/\/linitiative.ca\/International\/wp-json\/wp\/v2\/posts\/66291\/revisions"}],"wp:attachment":[{"href":"https:\/\/linitiative.ca\/International\/wp-json\/wp\/v2\/media?parent=66291"}],"wp:term":[{"taxonomy":"category","embeddable":true,"href":"https:\/\/linitiative.ca\/International\/wp-json\/wp\/v2\/categories?post=66291"},{"taxonomy":"post_tag","embeddable":true,"href":"https:\/\/linitiative.ca\/International\/wp-json\/wp\/v2\/tags?post=66291"}],"curies":[{"name":"wp","href":"https:\/\/api.w.org\/{rel}","templated":true}]}}