{"id":66292,"date":"2019-11-02T10:28:55","date_gmt":"2019-11-02T14:28:55","guid":{"rendered":"https:\/\/linitiative.ca\/International\/festival-des-andalousies-le-flamenco-a-lhonneur\/"},"modified":"2019-11-02T10:28:55","modified_gmt":"2019-11-02T14:28:55","slug":"festival-des-andalousies-le-flamenco-a-lhonneur","status":"publish","type":"post","link":"https:\/\/linitiative.ca\/International\/festival-des-andalousies-le-flamenco-a-lhonneur\/","title":{"rendered":"Festival des Andalousies: Le Flamenco \u00e0 l\u2019honneur"},"content":{"rendered":"<div readability=\"38\">\n<p>Essaouira \u2013 Les belles surprises de la 16\u00e8 \u00e9dition du Festival des Andalousies Atlantiques se sont poursuivies, vendredi soir \u00e0 Essaouira, avec un concert de toute beaut\u00e9, mettant en lumi\u00e8re le flamenco et la musique andalouse, dans une symbiose inou\u00efe.<\/p>\n<\/div>\n<div readability=\"122\">\n<p>C\u2019est \u00e0 la mythique Place El Menzah que des festivaliers par milliers, issus des quatre coins du monde, de diff\u00e9rentes cultures et religions, ont bien voulu converger, le temps d\u2019accueillir comme il se doit, la Compania L\u00e9onor Leal dans un spectacle de haute facture. Une v\u00e9ritable incursion dans la diversit\u00e9 des grands tablaos de l\u2019\u00e9cole andalouse du flamenco.<\/p>\n<p>La Compania L\u00e9onor Leal, rappelle-t-on, est tr\u00e8s pl\u00e9biscit\u00e9e par la Biennale du Flamenco de S\u00e9ville et par les Festivals de Madrid.<\/p>\n<p>Il s\u2019agit d\u2019une v\u00e9ritable immersion dans la beaut\u00e9 et la magie d\u2019un genre musical o\u00f9 les rythmes et sonorit\u00e9s synchronis\u00e9s ne peuvent que susciter bonheur et admiration d\u2019un public qui a fait confiance \u00e0 Essaouira, en s\u2019y rendant nombreux pour assister \u00e0 ce spectacle qui a eu pour fil d\u2019Ariane les chor\u00e9graphies, et les flamboyances des tableaux du peintre Julio Romero de Torres.<\/p>\n<p>Une belle soir\u00e9e au coeur de la cit\u00e9 des Aliz\u00e9s pour illustrer combien l\u2019histoire, la culture, la symbiose de l\u2019\u00e2ge d\u2019or et d\u2019aujourd\u2019hui, unissent Marocains et Espagnols. Un spectacle haut en couleurs o\u00f9 musiques, chants et chor\u00e9graphies visuelles figuraient au programme.<\/p>\n<p>Par la suite, la Compania L\u00e9onor Leal a c\u00e9d\u00e9 la place \u00e0 l\u2019Orchestre \u00ab\u00a0Rawafid Moussiquiya\u00a0\u00bb, sous la direction de Omar Mettioui, en d\u00e9cidant de faire une offrande au public souiri et \u00e0 ses invit\u00e9s, le temps de les faire revivre cette \u00e9poque glorieuse, o\u00f9 Essaouira disait aux m\u00e9lomanes les plus exigeants la cr\u00e9ativit\u00e9 et la singularit\u00e9 du chant et de la musique andalouse qui, d\u00e8s la fin du 18\u00e8 si\u00e8cle, avait \u00e9lu domicile au bord de l\u2019Atlantique.<\/p>\n<p>L\u2019Ensemble \u00ab\u00a0Rawafid\u00a0\u00bb de Tanger, cr\u00e9\u00e9 en 1994, est form\u00e9 d\u2019un nombre variable de musiciens traditionnels, originaires de la ville du D\u00e9troit. L\u2019originalit\u00e9 du groupe reste sa d\u00e9fense, sa sauvegarde et son d\u00e9veloppement du patrimoine musical andalou-maghr\u00e9bin. Cet ensemble tente de revisiter l\u2019instrumentarium de ce r\u00e9pertoire en d\u00e9clinant des instruments \u00e0 son fixe.<\/p>\n<p>Par ailleurs, l\u2019interpr\u00e9tation vocale reste fid\u00e8le au style des ma\u00eetres. Le premier enregistrement de cet ensemble a \u00e9t\u00e9 r\u00e9alis\u00e9 par Pneuma\/Spain en 1997.<\/p>\n<p>\u00ab\u00a0Rawafid\u00a0\u00bb b\u00e9n\u00e9ficie d\u2019une reconnaissance nationale et participe aux manifestations de plusieurs associations du Maroc. Il collabore avec la musicienne internationale Begona Olavide et le luthier espagnol Carlos Paniagua pour la reconstruction du patrimoine musical commun entre le sud de l\u2019Europe et le Maroc.<\/p>\n<p>Cerise sur le g\u00e2teau et pour clore ce concert en beaut\u00e9, la Compania L\u00e9onor Leal et l\u2019Orchestre \u00ab\u00a0Rawafid\u00a0\u00bb n\u2019ont pas trouv\u00e9 mieux que d\u2019investir ensemble la sc\u00e8ne pour cr\u00e9er conjointement une fusion si authentique, festive et combien conviviale entre \u00ab\u00a0la Nouba Andalouse\u00a0\u00bb et la \u00ab\u00a0Danse Flamenca\u00a0\u00bb.<\/p>\n<p>Un vrai moment de bonheur durant lequel musiques, textes et danses s\u2019unissent pour ne faire qu\u2019un tout indivisible. Un spectacle singulier qui restera \u00e0 jamais dans les annales du Festival des Andalousies Atlantiques et combien grav\u00e9 dans les coeurs des aficionados de ces musiques authentiques et raffin\u00e9es, dont l\u2019humanisme, l\u2019ouverture et le partage forment la gen\u00e8se.<\/p>\n<p>A noter que cette soir\u00e9e musicale a \u00e9t\u00e9 rehauss\u00e9e par la pr\u00e9sence notamment du Conseiller de Sa Majest\u00e9 le Roi et Pr\u00e9sident-Fondateur de l\u2019Association Essaouira-Mogador, Andr\u00e9 Azoulay, du Secr\u00e9taire G\u00e9n\u00e9ral du Conseil des Communaut\u00e9s Isra\u00e9lites du Maroc, Serge Berdugo, ainsi que d\u2019une forte d\u00e9l\u00e9gation espagnole compos\u00e9e, en particulier, de la ministre r\u00e9gionale de la culture et du patrimoine historique du gouvernement d\u2019Andalousie, Mme Patricia Del Pozo Fernandez, de l\u2019ambassadeur d\u2019Espagne \u00e0 Rabat, Ricardo Diez-Hochleitner, du pr\u00e9sident de la Biennale du Flamenco \u00e0 S\u00e9ville, M. Antono Zoido, ainsi que d\u2019autres personnalit\u00e9s.<\/p>\n<\/div>\n<p>Auteur: Meriem IGASS<br \/>\n<a href=\"http:\/\/www.mapmarrakech.ma\/fr\/flamenco\/\">Cliquez ici pour lire l&rsquo;article depuis sa source.<\/a><\/p>\n","protected":false},"excerpt":{"rendered":"<p>Essaouira \u2013 Les belles surprises de la 16\u00e8 \u00e9dition du Festival des Andalousies Atlantiques se sont poursuivies, vendredi soir \u00e0 Essaouira, avec un concert de toute beaut\u00e9, mettant en lumi\u00e8re le flamenco et la musique andalouse, dans une symbiose inou\u00efe. C\u2019est \u00e0 la mythique Place El Menzah que des festivaliers par milliers, issus des quatre [&hellip;]<\/p>\n","protected":false},"author":1788,"featured_media":0,"comment_status":"closed","ping_status":"closed","sticky":false,"template":"","format":"standard","meta":{"fifu_image_url":"","fifu_image_alt":"","footnotes":""},"categories":[54,76],"tags":[],"class_list":["post-66292","post","type-post","status-publish","format-standard","hentry","category-maroc","category-regions"],"_links":{"self":[{"href":"https:\/\/linitiative.ca\/International\/wp-json\/wp\/v2\/posts\/66292","targetHints":{"allow":["GET"]}}],"collection":[{"href":"https:\/\/linitiative.ca\/International\/wp-json\/wp\/v2\/posts"}],"about":[{"href":"https:\/\/linitiative.ca\/International\/wp-json\/wp\/v2\/types\/post"}],"author":[{"embeddable":true,"href":"https:\/\/linitiative.ca\/International\/wp-json\/wp\/v2\/users\/1788"}],"replies":[{"embeddable":true,"href":"https:\/\/linitiative.ca\/International\/wp-json\/wp\/v2\/comments?post=66292"}],"version-history":[{"count":0,"href":"https:\/\/linitiative.ca\/International\/wp-json\/wp\/v2\/posts\/66292\/revisions"}],"wp:attachment":[{"href":"https:\/\/linitiative.ca\/International\/wp-json\/wp\/v2\/media?parent=66292"}],"wp:term":[{"taxonomy":"category","embeddable":true,"href":"https:\/\/linitiative.ca\/International\/wp-json\/wp\/v2\/categories?post=66292"},{"taxonomy":"post_tag","embeddable":true,"href":"https:\/\/linitiative.ca\/International\/wp-json\/wp\/v2\/tags?post=66292"}],"curies":[{"name":"wp","href":"https:\/\/api.w.org\/{rel}","templated":true}]}}