{"id":66293,"date":"2019-11-02T11:29:05","date_gmt":"2019-11-02T15:29:05","guid":{"rendered":"https:\/\/linitiative.ca\/International\/soiree-entre-musulmans-et-juifs-a-la-zaouia-el-kadiriya\/"},"modified":"2019-11-02T11:29:05","modified_gmt":"2019-11-02T15:29:05","slug":"soiree-entre-musulmans-et-juifs-a-la-zaouia-el-kadiriya","status":"publish","type":"post","link":"https:\/\/linitiative.ca\/International\/soiree-entre-musulmans-et-juifs-a-la-zaouia-el-kadiriya\/","title":{"rendered":"Soir\u00e9e entre Musulmans et Juifs \u00e0 la Zaouia El Kadiriya"},"content":{"rendered":"<div readability=\"39\">\n<p>Essaouira \u2013 Une soir\u00e9e mystique, empreinte de communion et de partage, a \u00e9t\u00e9 organis\u00e9e dans la nuit de vendredi \u00e0 samedi \u00e0 la Zaouia El Kadiriya d\u2019Essaouira, qui a bien voulu ouvrir ses portes aux Musulmans et Juifs, le temps de faire revivre et c\u00e9l\u00e9brer hautement cette m\u00e9moire partag\u00e9e.<\/p>\n<\/div>\n<div readability=\"135\">\n<p>Une soir\u00e9e exceptionnelle aux sons et chants religieux, qui a illustr\u00e9 cette capillarit\u00e9 tr\u00e8s \u00e9troite et ces liens de convivialit\u00e9, de fraternit\u00e9 et de vivre-ensemble qui unissaient depuis des si\u00e8cles Musulmans et Juifs \u00e0 Mogador, abstraction faite de leurs religions ou leurs cultures, et montr\u00e9 encore une fois que le Maroc, en g\u00e9n\u00e9ral, et la cit\u00e9 des Aliz\u00e9s, en particulier, demeure \u00ab\u00a0cette terre b\u00e9nie de tous les possibles\u00a0\u00bb.<\/p>\n<p>Une veill\u00e9e si symbolique o\u00f9 Musulmans et Juifs ont eu la chance de chanter des \u00ab\u00a0Qsaids\u00a0\u00bb, qui incarnent ce patrimoine en partage du sacr\u00e9 au profane et du Sam\u00e2a aux chants de la Synagogue.<\/p>\n<p>Justement, plus besoin de d\u00e9montrer ni m\u00eame d\u2019affirmer qu\u2019\u00e0 Essaouira, les valeurs de paix, de tol\u00e9rance, d\u2019ouverture, de partage, de compr\u00e9hension de l\u2019Autre et d\u2019acceptation de la diff\u00e9rence rel\u00e8vent de la r\u00e9alit\u00e9 quotidienne.<\/p>\n<p>La preuve en est cette belle soir\u00e9e, la premi\u00e8re du genre \u00e0 rester incontestablement inscrite, avec fiert\u00e9 et grande joie, dans l\u2019histoire rayonnante du Festival des Andalousies Atlantiques, un \u00e9v\u00e9nement annuel unique dans le monde \u00e0 rassembler chaque ann\u00e9e des milliers de festivaliers venus des quatre coins de la plan\u00e8te, ainsi que des artistes musulmans et juifs pour chanter ensemble, jouer de la musique ensemble et partager ce qu\u2019ils ont en commun, cet amour pour la paix et le vivre-ensemble.<\/p>\n<p>C\u2019est dire que dans la cit\u00e9 des Aliz\u00e9s, le pari est amplement gagn\u00e9, car au Festival des Andalousies Atlantiques, loin de l\u2019aspect festif, c\u2019est l\u2019Ecole d\u2019Essaouira en mati\u00e8re de paix, de tol\u00e9rance et du vivre en commun qui brille, chaque fois, de mille feux.<\/p>\n<p>Chose toute logique, car Essaouira est l\u2019incarnation de ce Maroc, \u00e0 la fois moderne et authentique, une terre b\u00e9nie et un mod\u00e8le \u00e0 suivre en mati\u00e8re de tol\u00e9rance et du vivre-ensemble, non seulement dans le monde arabe mais aussi dans le monde entier.<\/p>\n<p>Approch\u00e9 par la MAP, M. Hicham Dinar, Moqadem de la Zaouia El Kadiriya, a dit toute sa joie et son grand bonheur de voir ladite Zaouia ouvrir ses portes aux Marocains de confessions musulmane et juive, le temps de \u00ab\u00a0c\u00e9l\u00e9brer, dans la communion et l\u2019all\u00e9gresse, ce riche patrimoine que nous avons en commun\u00a0\u00bb.<\/p>\n<p>\u00ab\u00a0C\u2019est un grand honneur que la Zaouia El Kadiriya d\u2019Essaouira abrite cette soir\u00e9e mystique, compte tenu de son dynamisme et de son engagement en faveur de la promotion de l\u2019Islam tol\u00e9rant et du juste milieu, celui qui pr\u00f4ne la fraternit\u00e9, la paix et le respect entre les religions\u00a0\u00bb, s\u2019est-il f\u00e9licit\u00e9.<\/p>\n<p>Il a, en outre, salu\u00e9 le travail formidable que font les petits adeptes de la Zaouia El Kadiriya en prenant le temps d\u2019apprendre et d\u2019interpr\u00e9ter, avec une voix ang\u00e9lique, ces belles \u00ab\u00a0Qsaids\u00a0\u00bb et ces chants religieux.<\/p>\n<p>\u00ab\u00a0Ce sont de belles retrouvailles pour mettre en lumi\u00e8re \u00e9galement ces liens exemplaires bas\u00e9s sur la fraternit\u00e9 et le respect mutuel qui nous ont toujours unis, mais aussi cette proximit\u00e9 qui relevait de leur quotidien\u00a0\u00bb, a-t-il poursuivi, faisant observer que cette soir\u00e9e a permis de faire revivre ces rituels qui existaient \u00e0 Essaouira depuis des si\u00e8cles, comme en t\u00e9moignait l\u2019existence de groupes de musique andalouse, compos\u00e9s de Musulmans et de Juifs qui surfaient en toute aisance entre la langue arabe et l\u2019h\u00e9breu.<\/p>\n<p>Dans ce sens, il a tenu \u00e0 rappeler que des chanteurs de confession juive apprenaient par coeur des \u00ab\u00a0Qsaids\u00a0\u00bb en arabe qu\u2019ils n\u2019h\u00e9sitaient gu\u00e8re \u00e0 chanter.<\/p>\n<p>Cette soir\u00e9e m\u00e9morable s\u2019est d\u00e9roul\u00e9e en pr\u00e9sence notamment du Conseiller de Sa Majest\u00e9 le Roi et pr\u00e9sident fondateur de l\u2019Association Essaouira-Mogador, M. Andr\u00e9 Azoulay ainsi que d\u2019autres personnalit\u00e9s issues de divers horizons.<\/p>\n<\/div>\n<p>Auteur: Meriem IGASS<br \/>\n<a href=\"http:\/\/www.mapmarrakech.ma\/fr\/zaouia\/\">Cliquez ici pour lire l&rsquo;article depuis sa source.<\/a><\/p>\n","protected":false},"excerpt":{"rendered":"<p>Essaouira \u2013 Une soir\u00e9e mystique, empreinte de communion et de partage, a \u00e9t\u00e9 organis\u00e9e dans la nuit de vendredi \u00e0 samedi \u00e0 la Zaouia El Kadiriya d\u2019Essaouira, qui a bien voulu ouvrir ses portes aux Musulmans et Juifs, le temps de faire revivre et c\u00e9l\u00e9brer hautement cette m\u00e9moire partag\u00e9e. Une soir\u00e9e exceptionnelle aux sons et [&hellip;]<\/p>\n","protected":false},"author":1788,"featured_media":0,"comment_status":"closed","ping_status":"closed","sticky":false,"template":"","format":"standard","meta":{"fifu_image_url":"","fifu_image_alt":"","footnotes":""},"categories":[54,76],"tags":[],"class_list":["post-66293","post","type-post","status-publish","format-standard","hentry","category-maroc","category-regions"],"_links":{"self":[{"href":"https:\/\/linitiative.ca\/International\/wp-json\/wp\/v2\/posts\/66293","targetHints":{"allow":["GET"]}}],"collection":[{"href":"https:\/\/linitiative.ca\/International\/wp-json\/wp\/v2\/posts"}],"about":[{"href":"https:\/\/linitiative.ca\/International\/wp-json\/wp\/v2\/types\/post"}],"author":[{"embeddable":true,"href":"https:\/\/linitiative.ca\/International\/wp-json\/wp\/v2\/users\/1788"}],"replies":[{"embeddable":true,"href":"https:\/\/linitiative.ca\/International\/wp-json\/wp\/v2\/comments?post=66293"}],"version-history":[{"count":0,"href":"https:\/\/linitiative.ca\/International\/wp-json\/wp\/v2\/posts\/66293\/revisions"}],"wp:attachment":[{"href":"https:\/\/linitiative.ca\/International\/wp-json\/wp\/v2\/media?parent=66293"}],"wp:term":[{"taxonomy":"category","embeddable":true,"href":"https:\/\/linitiative.ca\/International\/wp-json\/wp\/v2\/categories?post=66293"},{"taxonomy":"post_tag","embeddable":true,"href":"https:\/\/linitiative.ca\/International\/wp-json\/wp\/v2\/tags?post=66293"}],"curies":[{"name":"wp","href":"https:\/\/api.w.org\/{rel}","templated":true}]}}