{"id":66295,"date":"2019-11-01T15:53:42","date_gmt":"2019-11-01T19:53:42","guid":{"rendered":"https:\/\/linitiative.ca\/International\/le-foncier-au-centre-de-la-8eme-journee-nationale-de-ligt\/"},"modified":"2019-11-01T15:53:42","modified_gmt":"2019-11-01T19:53:42","slug":"le-foncier-au-centre-de-la-8eme-journee-nationale-de-ligt","status":"publish","type":"post","link":"https:\/\/linitiative.ca\/International\/le-foncier-au-centre-de-la-8eme-journee-nationale-de-ligt\/","title":{"rendered":"Le foncier au centre de la 8\u00e9me Journ\u00e9e nationale de l\u2019IGT"},"content":{"rendered":"<p class=\"c1\">\u00ab\u00a0La valorisation du foncier au service de l\u2019agriculture et du d\u00e9veloppement rural\u00a0\u00bb, tel est le th\u00e8me central d\u2019une rencontre dont les travaux ont d\u00e9but\u00e9, vendredi \u00e0 l\u2019Agropole de Berkane, \u00e0 l\u2019occasion de la Journ\u00e9e nationale de l\u2019Ing\u00e9nieur g\u00e9om\u00e8tre topographe (IGT).<\/p>\n<p class=\"c1\">Plac\u00e9e sous le Haut patronage de SM le Roi Mohammed VI, cette rencontre, de deux jours, est organis\u00e9e par l\u2019Ordre nationale de l\u2019ing\u00e9nieur g\u00e9om\u00e8tre topographe (ONIGT) en partenariat avec le minist\u00e8re de l\u2019Agriculture, la P\u00eache maritime, du D\u00e9veloppement rural et des Eaux et for\u00eats et l\u2019Agence nationale de la conservation fonci\u00e8re, du cadastre et de la cartographie (ANCFCC).<\/p>\n<p class=\"c1\">Elle se veut une v\u00e9ritable opportunit\u00e9 pour d\u00e9battre des questions cruciales li\u00e9es aux probl\u00e9matiques essentielles interpellant la centralit\u00e9 du foncier dans les politiques publiques nationales.<\/p>\n<p class=\"c1\">Cette huiti\u00e8me \u00e9dition traite d\u2019une question capitale qui fait l\u2019objet d\u2019une constante priorit\u00e9 des pouvoirs publics et des professionnels du secteur, ont expliqu\u00e9 les organisateurs, soulignant \u00e0 cet effet l\u2019int\u00e9r\u00eat particulier que porte SM le Roi Mohammed VI \u00e0 la question fonci\u00e8re, notamment en mati\u00e8re d\u2019investissement productif dans le secteur.<\/p>\n<p class=\"c1\">Et d\u2019ajouter que depuis sa cr\u00e9ation, outre l\u2019encadrement et la promotion de la profession, l\u2019ONIGT a consacr\u00e9 une part importante de son \u00e9nergie \u00e0 la sensibilisation \u00e0 l\u2019acuit\u00e9 du foncier agricole, \u00e0 sa dimension fondatrice des \u00e9quilibres micro\u00e9conomiques, \u00e0 son r\u00f4le social stabilisateur et \u00e0 son impact certain sur le d\u00e9veloppement humain durable du Maroc.<\/p>\n<p class=\"c1\">Dans ce cadre, ont ils relev\u00e9, l\u2019IGT joue un r\u00f4le pr\u00e9pond\u00e9rant, en sa qualit\u00e9 d\u2019expert, tant dans la mise \u00e0 niveau du foncier qu\u2019en ce qui concerne la g\u00e9n\u00e9ralisation de l\u2019immatriculation fonci\u00e8re, que ce soit directement ou \u00e0 travers une collaboration interactive et intelligente avec le minist\u00e8re de l\u2019Agriculture, la P\u00eache maritime, du D\u00e9veloppement rural et des Eaux et for\u00eats ainsi que l\u2019ANCFCC.<\/p>\n<p><img class=\"wp-image-15391 aligncenter\" data-src=\"http:\/\/www.mapoujda.ma\/map\/uploads\/2019\/11\/Ouverture-de-la-8\u00e9me-Journ\u00e9e-nationale-de-l\u2019Ing\u00e9nieur-g\u00e9om\u00e8tre-topographe-M750\u00d7430-MAP.jpg\" alt=\"\" width=\"576\" height=\"330\" srcset=\"http:\/\/www.mapoujda.ma\/map\/uploads\/2019\/11\/Ouverture-de-la-8\u00e9me-Journ\u00e9e-nationale-de-l\u2019Ing\u00e9nieur-g\u00e9om\u00e8tre-topographe-M750\u00d7430-MAP.jpg 750w, http:\/\/www.mapoujda.ma\/map\/uploads\/2019\/11\/Ouverture-de-la-8\u00e9me-Journ\u00e9e-nationale-de-l\u2019Ing\u00e9nieur-g\u00e9om\u00e8tre-topographe-M750\u00d7430-MAP-300x172.jpg 300w\" sizes=\"(max-width: 576px) 100vw, 576px\"\/><\/p>\n<p class=\"c1\">Intervenant \u00e0 cette occasion, le pr\u00e9sident de l\u2019ONIGT, Khalid Yousfi qui s\u2019est f\u00e9licit\u00e9 des avanc\u00e9es de la profession de l\u2019IGT ces 25 derni\u00e8res ann\u00e9es, a soulign\u00e9 que \u00ab\u00a0la mobilisation de tous les IGTs dans l\u2019\u0153uvre de d\u00e9veloppement durable du Maroc, conf\u00e8re \u00e0 notre profession une dimension multipolaire\u00a0\u00bb.<\/p>\n<p class=\"c1\">Cette dimension, a-t-il expliqu\u00e9, concerne \u00e0 la fois une implication, directe et effective, \u00e0 l\u2019am\u00e9nagement du territoire et \u00e0 la politique publique fonci\u00e8re, \u00e0 l\u2019investissement productif et au d\u00e9veloppement du monde rural.<\/p>\n<p class=\"c1\">Le foncier est l\u2019un des facteurs essentiels de d\u00e9veloppement \u00e9conomique et social et repr\u00e9sente l\u2019atout central de toute politique sectorielle rationnelle, a insist\u00e9 M. Yousfi, mettant l\u2019accent sur l\u2019int\u00e9r\u00eat port\u00e9 par les parties concern\u00e9es \u00e0 la valorisation de la propri\u00e9t\u00e9 fonci\u00e8re, et particuli\u00e8rement celle destin\u00e9e \u00e0 l\u2019exploitation agricole.<\/p>\n<p class=\"c1\">\u00ab\u00a0Pour que cette valorisation soit encore plus fiable et plus viable, elle doit \u00eatre accompagn\u00e9e d\u2019une appropriation productive, donc fructifi\u00e9e par le biais d\u2019investissements porteurs\u00a0\u00bb, a-t-il estim\u00e9.<\/p>\n<p class=\"c1\">De son c\u00f4t\u00e9, le Directeur g\u00e9n\u00e9ral de l\u2019ANCFCC, Karim Tajmouati a affirm\u00e9 que la tenue de cette rencontre sous le Haut patronage de SM le Roi refl\u00e8te la sollicitude dont le Souverain entoure la profession des IGT, eu \u00e9gard \u00e0 sa contribution dans le d\u00e9veloppement des infrastructures et projets structurants que connait le Royaume.<\/p>\n<p class=\"c1\">Ce rendez-vous qui est devenu une tradition, a-t-il poursuivi, est une occasion de saluer vivement et de rendre hommage, encore une fois, aux hommes et femmes IGT pour leur r\u00f4le dans l\u2019\u00e9tude et la r\u00e9alisation des grands projets, dans des domaines strat\u00e9giques tels que l\u2019agriculture, l\u2019\u00e9quipement, le transport, l\u2019habitat, l\u2019urbanisme et l\u2019am\u00e9nagement du territoire.<\/p>\n<p><img class=\"wp-image-15375 aligncenter\" data-src=\"http:\/\/www.mapoujda.ma\/map\/uploads\/2019\/11\/Karim-Tajmouati-Directeur-g\u00e9n\u00e9ral-de-l\u2019ANCFCC-M750\u00d7430-MAP.jpg\" alt=\"\" width=\"576\" height=\"330\" srcset=\"http:\/\/www.mapoujda.ma\/map\/uploads\/2019\/11\/Karim-Tajmouati-Directeur-g\u00e9n\u00e9ral-de-l\u2019ANCFCC-M750\u00d7430-MAP.jpg 750w, http:\/\/www.mapoujda.ma\/map\/uploads\/2019\/11\/Karim-Tajmouati-Directeur-g\u00e9n\u00e9ral-de-l\u2019ANCFCC-M750\u00d7430-MAP-300x172.jpg 300w\" sizes=\"(max-width: 576px) 100vw, 576px\"\/><\/p>\n<p class=\"c1\">Affirmant que pour l\u2019ANCFCC, l\u2019ONIGT est plus qu\u2019un partenaire, compte tenu de la place qu\u2019occupe l\u2019IGT du secteur priv\u00e9 dans la chaine de production de l\u2019Agence, M. Tajmouati a relev\u00e9 que ce recours au secteur priv\u00e9 s\u2019inscrit dans le cadre des orientations strat\u00e9giques de l\u2019ANCFCC.<\/p>\n<p class=\"c1\">Et de pr\u00e9ciser qu\u2019avec le concours des IGT du secteur priv\u00e9 et les efforts d\u00e9ploy\u00e9s par l\u2019ensemble du personnel de l\u2019Agence, les r\u00e9alisations en mati\u00e8re de l\u2019immatriculation fonci\u00e8re ont \u00e9t\u00e9 satisfaisantes et ont connu une croissance significative.<\/p>\n<p class=\"c1\">Il a rappel\u00e9 dans ce sens qu\u2019en 2018, il a \u00e9t\u00e9 proc\u00e9d\u00e9 \u00e0 l\u2019\u00e9tablissement de 168.000 plans cadastraux, soit une hausse de 18% par rapport \u00e0 2017, \u00e0 la cr\u00e9ation de 230.000 Titres fonciers (TF) suite aux op\u00e9rations de morcellement et de division, soit une augmentation de 6% par rapport \u00e0 2017, et \u00e0 la production dans le monde rural de 130.000 TF, soit une hausse de 13% par rapport \u00e0 2017 et 97% par rapport \u00e0 2015.<\/p>\n<p class=\"c1\">Pour lui, ces r\u00e9alisations positives encourageantes et bien d\u2019autres doivent \u00eatre maintenues, consolid\u00e9es et am\u00e9lior\u00e9es, et l\u2019ANCFCC et l\u2019ONIGT doivent oeuvrer main dans la main notamment pour renforcer la relation professionnelle de partenariat, continuer \u00e0 coordonner les efforts pour l\u2019introduction davantage de nouvelles technologies, de professionnalisme et de transparence, et veiller au respect strict des normes et standards de la profession.<\/p>\n<p class=\"c1\">Les travaux de la 8\u00e8me Journ\u00e9e nationale de l\u2019IGT sont centr\u00e9s sur la probl\u00e9matique de la valorisation fonci\u00e8re, notamment dans le monde rural, \u00e0 travers des s\u00e9ances traitant notamment de \u00ab\u00a0l\u2019agriculture digitale\u00a0\u00bb, \u00ab\u00a0l\u2019acc\u00e9l\u00e9ration de l\u2019immatriculation fonci\u00e8re rurale : objectifs, actions et mesures\u00a0\u00bb, \u00ab\u00a0les nouveaux chantiers de l\u2019ONIGT pour accompagner les politiques nationales fonci\u00e8re, rurale et agricole\u00a0\u00bb.<\/p>\n<p class=\"c1\">Figurent aussi au programme deux panels ax\u00e9s sur \u00ab\u00a0les enjeux et exploitations de la data agricole\u00a0\u00bb et \u00ab\u00a0l\u2019offre exportable de la profession avec un focus sur le d\u00e9veloppement rural\u00a0\u00bb, et des ateliers technologiques et d\u2019autres li\u00e9s aux chantiers de l\u2019ONIGT, en plus de visites techniques.<\/p>\n<p class=\"c1\">D\u2019apr\u00e8s les organisateurs, cette \u00e9dition connait la pr\u00e9sence de quelques 500 participants, dont des IGTs, des partenaires institutionnels de l\u2019ONIGT, des personnalit\u00e9s du monde \u00e9conomique et financier et des repr\u00e9sentants des secteurs public et priv\u00e9 concern\u00e9s.<\/p>\n<p>Auteur: Soufiane ELAHMAR<br \/>\n<a href=\"http:\/\/www.mapoujda.ma\/fr\/le-foncier-au-centre-de-la-8eme-journee-nationale-de-ligt\/\">Cliquez ici pour lire l&rsquo;article depuis sa source.<\/a><\/p>\n","protected":false},"excerpt":{"rendered":"<p>\u00ab\u00a0La valorisation du foncier au service de l\u2019agriculture et du d\u00e9veloppement rural\u00a0\u00bb, tel est le th\u00e8me central d\u2019une rencontre dont les travaux ont d\u00e9but\u00e9, vendredi \u00e0 l\u2019Agropole de Berkane, \u00e0 l\u2019occasion de la Journ\u00e9e nationale de l\u2019Ing\u00e9nieur g\u00e9om\u00e8tre topographe (IGT). Plac\u00e9e sous le Haut patronage de SM le Roi Mohammed VI, cette rencontre, de deux [&hellip;]<\/p>\n","protected":false},"author":1788,"featured_media":66296,"comment_status":"closed","ping_status":"closed","sticky":false,"template":"","format":"standard","meta":{"fifu_image_url":"","fifu_image_alt":"","footnotes":""},"categories":[54,76],"tags":[],"class_list":["post-66295","post","type-post","status-publish","format-standard","has-post-thumbnail","hentry","category-maroc","category-regions"],"_links":{"self":[{"href":"https:\/\/linitiative.ca\/International\/wp-json\/wp\/v2\/posts\/66295","targetHints":{"allow":["GET"]}}],"collection":[{"href":"https:\/\/linitiative.ca\/International\/wp-json\/wp\/v2\/posts"}],"about":[{"href":"https:\/\/linitiative.ca\/International\/wp-json\/wp\/v2\/types\/post"}],"author":[{"embeddable":true,"href":"https:\/\/linitiative.ca\/International\/wp-json\/wp\/v2\/users\/1788"}],"replies":[{"embeddable":true,"href":"https:\/\/linitiative.ca\/International\/wp-json\/wp\/v2\/comments?post=66295"}],"version-history":[{"count":0,"href":"https:\/\/linitiative.ca\/International\/wp-json\/wp\/v2\/posts\/66295\/revisions"}],"wp:featuredmedia":[{"embeddable":true,"href":"https:\/\/linitiative.ca\/International\/wp-json\/"}],"wp:attachment":[{"href":"https:\/\/linitiative.ca\/International\/wp-json\/wp\/v2\/media?parent=66295"}],"wp:term":[{"taxonomy":"category","embeddable":true,"href":"https:\/\/linitiative.ca\/International\/wp-json\/wp\/v2\/categories?post=66295"},{"taxonomy":"post_tag","embeddable":true,"href":"https:\/\/linitiative.ca\/International\/wp-json\/wp\/v2\/tags?post=66295"}],"curies":[{"name":"wp","href":"https:\/\/api.w.org\/{rel}","templated":true}]}}