{"id":66297,"date":"2019-11-01T16:06:41","date_gmt":"2019-11-01T20:06:41","guid":{"rendered":"https:\/\/linitiative.ca\/International\/le-foncier-levier-strategique-du-developpement-akhannouch\/"},"modified":"2019-11-01T16:06:41","modified_gmt":"2019-11-01T20:06:41","slug":"le-foncier-levier-strategique-du-developpement-akhannouch","status":"publish","type":"post","link":"https:\/\/linitiative.ca\/International\/le-foncier-levier-strategique-du-developpement-akhannouch\/","title":{"rendered":"Le foncier, levier strat\u00e9gique du d\u00e9veloppement (Akhannouch)"},"content":{"rendered":"<p class=\"c1\">Le ministre de l\u2019Agriculture, de la P\u00eache maritime, du D\u00e9veloppement rural et des Eaux et for\u00eats, Aziz Akhannouch a soulign\u00e9, vendredi \u00e0 l\u2019ouverture d\u2019une rencontre marquant la 8\u00e8me \u00e9dition de la Journ\u00e9e nationale de l\u2019Ing\u00e9nieur g\u00e9om\u00e8tre topographe (IGT), l\u2019int\u00e9r\u00eat accord\u00e9 au foncier agricole en tant que levier strat\u00e9gique de d\u00e9veloppement \u00e9conomique et social.<\/p>\n<p class=\"c1\">La rencontre de deux jours, plac\u00e9e sous le Haut patronage de SM le Roi Mohammed VI, est organis\u00e9e par l\u2019Ordre nationale de l\u2019ing\u00e9nieur g\u00e9om\u00e8tre topographe (ONGIT) en partenariat avec le minist\u00e8re de l\u2019Agriculture, de la P\u00eache maritime, du D\u00e9veloppement rural et des Eaux et for\u00eats, et l\u2019Agence nationale de la conservation fonci\u00e8re, du cadastre et de la cartographie (ANCFCC) sous le th\u00e8me \u00ab\u00a0La valorisation du foncier au service de l\u2019agriculture et du d\u00e9veloppement rural\u00a0\u00bb.<\/p>\n<p class=\"c1\">M. Akhannouch a rappel\u00e9 \u00e0 cette occasion que le Plan Maroc Vert (PMV), lanc\u00e9 par SM le Roi en 2008, en tant que strat\u00e9gie dotant notre pays de moyens pour un v\u00e9ritable d\u00e9collage de d\u00e9veloppement de son agriculture et ses territoires, a accord\u00e9 une importance particuli\u00e8re au foncier agricole et \u00e0 sa mobilisation en tant que levier de la promotion de l\u2019investissement agricole et du d\u00e9veloppement \u00e9conomique et social.<\/p>\n<p class=\"c1\">Aujourd\u2019hui, a-t-il dit dans une allocution lue en son nom par le Secr\u00e9taire g\u00e9n\u00e9ral du minist\u00e8re, Mohamed Sadiki, les fondamentaux du Plan Maroc Vert, ce chantier de r\u00e8gne, sont solides pour propulser l\u2019agriculture marocaine dans une nouvelle \u00e8re de progr\u00e8s conform\u00e9ment \u00e0 la vision de SM le Roi, et en application de Ses Hautes orientations, pour la transformation de l\u2019agriculture marocaine en l\u2019inscrivant dans une dynamique de progr\u00e8s continu, \u00e9tablissant ainsi, les assises d\u2019un nouvel ordre agraire.<\/p>\n<p class=\"c1\">En effet, comme l\u2019a clairement \u00e9tabli l\u2019\u00e9valuation du PMV conduite par les professionnels, en 10 ans de mise en \u0153uvre du Plan, a poursuivi le ministre, l\u2019agriculture marocaine a r\u00e9solument emprunt\u00e9 un chemin de d\u00e9veloppement irr\u00e9versible, comme le montrent la croissance de la production des principales fili\u00e8res et les volumes d\u2019investissement mobilis\u00e9s tant des investisseurs locaux que des partenaires internationaux et bailleurs de fonds, confiants en l\u2019avenir du secteur et qui misent sur les territoires et les produits du Maroc.<\/p>\n<p class=\"c1\">L\u2019augmentation du PIB agricole de plus de 60% a eu un impact moteur sur l\u2019\u00e9conomie national toute enti\u00e8re, a encore ajout\u00e9 M. Akhannouch qui a \u00e9t\u00e9 charg\u00e9 par SM le Roi d\u2019\u00e9laborer une nouvelle strat\u00e9gie pour continuer la dynamique des progr\u00e8s imprim\u00e9s par le PMV en consolidant ses r\u00e9sultats et en capitalisant ses acquis.<\/p>\n<p class=\"c1\">\u00ab\u00a0Dans cette nouvelle vision qui devra s\u2019inscrire dans le nouveau mod\u00e8le de d\u00e9veloppement auquel a appel\u00e9 notre Souverain dans le Discours du tr\u00f4ne du 30 juillet dernier, le foncier agricole continuera d\u2019\u00eatre un levier strat\u00e9gique de d\u00e9veloppement \u00e9conomique et social\u00a0\u00bb, a-t-il fait remarquer.<\/p>\n<p><img class=\"wp-image-15388 aligncenter\" data-src=\"http:\/\/www.mapoujda.ma\/map\/uploads\/2019\/11\/la-8\u00e9me-Journ\u00e9e-nationale-de-l\u2019Ing\u00e9nieur-g\u00e9om\u00e8tre-topographe-M750\u00d7430-MAP-1.jpg\" alt=\"\" width=\"576\" height=\"330\" srcset=\"http:\/\/www.mapoujda.ma\/map\/uploads\/2019\/11\/la-8\u00e9me-Journ\u00e9e-nationale-de-l\u2019Ing\u00e9nieur-g\u00e9om\u00e8tre-topographe-M750\u00d7430-MAP-1.jpg 750w, http:\/\/www.mapoujda.ma\/map\/uploads\/2019\/11\/la-8\u00e9me-Journ\u00e9e-nationale-de-l\u2019Ing\u00e9nieur-g\u00e9om\u00e8tre-topographe-M750\u00d7430-MAP-1-300x172.jpg 300w\" sizes=\"(max-width: 576px) 100vw, 576px\"\/><\/p>\n<p class=\"c1\">Revenant sur la rencontre, le ministre a affirm\u00e9 qu\u2019elle offre un espace unique pour \u00e9changer autour du foncier et de sa valorisation, un sujet central dans le d\u00e9veloppement \u00e9conomique de notre pays dans son ensemble, et dans le secteur agricole et le d\u00e9veloppement rural de mani\u00e8re toute particuli\u00e8re.<\/p>\n<p class=\"c1\">Il a indiqu\u00e9 \u00e0 cet effet que la mobilisation du foncier agricole se trouve confront\u00e9e \u00e0 diverses contraintes, notamment, le morcellement excessif des terres induisant l\u2019exigu\u00eft\u00e9 des exploitations agricoles (70% ont moins de 5 ha), l\u2019extension de l\u2019indivision (45% des exploitations sont dans l\u2019indivision), la multiplicit\u00e9 des statuts fonciers, \u2026<\/p>\n<p class=\"c1\">Il s\u2019agit de facteurs qui constituent des freins \u00e0 l\u2019investissement, sans parler d\u2019autres contraintes plus globales, comme la d\u00e9gradation de la qualit\u00e9 des sols et de la fertilit\u00e9 des terres, a-t-il fait remarquer, tout en pr\u00e9cisant que pour faire face \u00e0 ces nombreuses contraintes structurelles du foncier agricole, le Plan Maroc Vert a adopt\u00e9 une batterie pour la mobilisation et la valorisation du foncier agricole.<\/p>\n<p class=\"c1\">Il \u00e0 cet \u00e9gard, louer les efforts importants et significatifs de l\u2019ANCFCC qui a op\u00e9r\u00e9 une v\u00e9ritable r\u00e9volution en mati\u00e8re d\u2019immatriculation fonci\u00e8re, de cadastre et de cartographie.<\/p>\n<p class=\"c1\">Le ministre a tenu \u00e9galement \u00e0 rendre hommage \u00e0 l\u2019Ordre national des ing\u00e9nieurs g\u00e9om\u00e8tres topographes pour le r\u00f4le jou\u00e9 dans l\u2019organisation de la profession et la contribution \u00e0 l\u2019avancement des diff\u00e9rents chantiers se rapportant \u00e0 ce m\u00e9tier dans tous les secteurs.<\/p>\n<p class=\"c1\">\u00ab\u00a0Dans ce monde, l\u2019ing\u00e9nieur g\u00e9om\u00e8tre topographe s\u2019impose aujourd\u2019hui comme un acteur incontournable et au centre des comp\u00e9tences requises dans les secteurs publics (Agriculture, urbanisme, habitat, am\u00e9nagement du territoire, \u00e9quipement, etc.) et priv\u00e9s (Cabinets, bureaux d\u2019\u00e9tudes, entreprises de travaux topographiques, soci\u00e9t\u00e9s de BTP et VRD, etc.)\u00a0\u00bb, a-t-il dit.<\/p>\n<p class=\"c1\">Les travaux de la 8\u00e8me Journ\u00e9e nationale de l\u2019IGT sont centr\u00e9s sur la probl\u00e9matique de la valorisation fonci\u00e8re, notamment dans le monde rural, \u00e0 travers des s\u00e9ances traitant notamment de \u00ab\u00a0l\u2019agriculture digitale\u00a0\u00bb, \u00ab\u00a0l\u2019acc\u00e9l\u00e9ration de l\u2019immatriculation fonci\u00e8re rurale : objectifs, actions et mesures\u00a0\u00bb et \u00ab\u00a0les nouveaux chantiers de l\u2019ONIGT pour accompagner les politiques nationales fonci\u00e8re, rurale et agricole\u00a0\u00bb.<\/p>\n<p class=\"c1\">Figurent aussi au programme deux panels ax\u00e9s sur \u00ab\u00a0les enjeux et exploitations de la data agricole\u00a0\u00bb et \u00ab\u00a0l\u2019offre exportable de la profession avec un focus sur le d\u00e9veloppement rural\u00a0\u00bb, et des ateliers technologiques et d\u2019autres li\u00e9s aux chantiers de l\u2019ONIGT, en plus de visites techniques.<\/p>\n<p>Auteur: Soufiane ELAHMAR<br \/>\n<a href=\"http:\/\/www.mapoujda.ma\/fr\/le-foncier-levier-strategique-du-developpement-economique\/\">Cliquez ici pour lire l&rsquo;article depuis sa source.<\/a><\/p>\n","protected":false},"excerpt":{"rendered":"<p>Le ministre de l\u2019Agriculture, de la P\u00eache maritime, du D\u00e9veloppement rural et des Eaux et for\u00eats, Aziz Akhannouch a soulign\u00e9, vendredi \u00e0 l\u2019ouverture d\u2019une rencontre marquant la 8\u00e8me \u00e9dition de la Journ\u00e9e nationale de l\u2019Ing\u00e9nieur g\u00e9om\u00e8tre topographe (IGT), l\u2019int\u00e9r\u00eat accord\u00e9 au foncier agricole en tant que levier strat\u00e9gique de d\u00e9veloppement \u00e9conomique et social. La rencontre [&hellip;]<\/p>\n","protected":false},"author":1788,"featured_media":66298,"comment_status":"closed","ping_status":"closed","sticky":false,"template":"","format":"standard","meta":{"fifu_image_url":"","fifu_image_alt":"","footnotes":""},"categories":[54,76],"tags":[],"class_list":["post-66297","post","type-post","status-publish","format-standard","has-post-thumbnail","hentry","category-maroc","category-regions"],"_links":{"self":[{"href":"https:\/\/linitiative.ca\/International\/wp-json\/wp\/v2\/posts\/66297","targetHints":{"allow":["GET"]}}],"collection":[{"href":"https:\/\/linitiative.ca\/International\/wp-json\/wp\/v2\/posts"}],"about":[{"href":"https:\/\/linitiative.ca\/International\/wp-json\/wp\/v2\/types\/post"}],"author":[{"embeddable":true,"href":"https:\/\/linitiative.ca\/International\/wp-json\/wp\/v2\/users\/1788"}],"replies":[{"embeddable":true,"href":"https:\/\/linitiative.ca\/International\/wp-json\/wp\/v2\/comments?post=66297"}],"version-history":[{"count":0,"href":"https:\/\/linitiative.ca\/International\/wp-json\/wp\/v2\/posts\/66297\/revisions"}],"wp:featuredmedia":[{"embeddable":true,"href":"https:\/\/linitiative.ca\/International\/wp-json\/"}],"wp:attachment":[{"href":"https:\/\/linitiative.ca\/International\/wp-json\/wp\/v2\/media?parent=66297"}],"wp:term":[{"taxonomy":"category","embeddable":true,"href":"https:\/\/linitiative.ca\/International\/wp-json\/wp\/v2\/categories?post=66297"},{"taxonomy":"post_tag","embeddable":true,"href":"https:\/\/linitiative.ca\/International\/wp-json\/wp\/v2\/tags?post=66297"}],"curies":[{"name":"wp","href":"https:\/\/api.w.org\/{rel}","templated":true}]}}