{"id":66299,"date":"2019-11-02T08:37:16","date_gmt":"2019-11-02T12:37:16","guid":{"rendered":"https:\/\/linitiative.ca\/International\/la-promotion-de-la-petite-enfance-au-centre-dune-rencontre\/"},"modified":"2019-11-02T08:37:16","modified_gmt":"2019-11-02T12:37:16","slug":"la-promotion-de-la-petite-enfance-au-centre-dune-rencontre","status":"publish","type":"post","link":"https:\/\/linitiative.ca\/International\/la-promotion-de-la-petite-enfance-au-centre-dune-rencontre\/","title":{"rendered":"La promotion de la petite enfance au centre d\u2019une rencontre"},"content":{"rendered":"<p class=\"c1\">Le si\u00e8ge de la pr\u00e9fecture de la province de Nador a accueilli, vendredi, une rencontre de sensibilisation sur la promotion de la petite enfance, sous le th\u00e8me \u00abConstruire l\u2019avenir de nos enfants d\u00e8s la petite enfance\u00bb.<\/p>\n<p class=\"c1\">Cette rencontre s\u2019inscrit dans le cadre de la campagne nationale sur le d\u00e9veloppement de la petite enfance (21 octobre\/4 novembre), ainsi que dans la mise en oeuvre des programmes de la troisi\u00e8me phase de l\u2019Initiative nationale pour le d\u00e9veloppement humain (INDH) portant sur la p\u00e9riode 2019-2023, indique un communiqu\u00e9 de la Division des affaires sociales de la province de Nador.<\/p>\n<p class=\"c1\">La rencontre, pr\u00e9sid\u00e9e par le gouverneur de la province de Nador, Ali Khalil, a connu la participation de quelque 120 personnalit\u00e9s et acteurs concern\u00e9s par la petite enfance, notamment les repr\u00e9sentants des autorit\u00e9s, des instances \u00e9lues, des services d\u00e9concentr\u00e9s, du tissu associatif, du secteur priv\u00e9 et d\u2019experts.<\/p>\n<p class=\"c1\">Intervenant \u00e0 l\u2019ouverture de cet \u00e9v\u00e8nement, M. Khalil a mis en exergue l\u2019int\u00e9r\u00eat particulier que porte SM le Roi Mohammed VI au d\u00e9veloppement de la petite enfance, comme le montre le message royal adress\u00e9 aux Assises nationales de d\u00e9veloppement humain, tenues les 18 et 19 septembre dernier \u00e0 Skhirat.<\/p>\n<p class=\"c1\">Il a \u00e9galement indiqu\u00e9 que cette rencontre provinciale vise \u00e0 sensibiliser l\u2019ensemble des acteurs \u00e0 l\u2019importance du d\u00e9veloppement de la petite enfance, qui produit de nombreux effets positifs et permet d\u2019assurer un avenir meilleur et l\u2019\u00e9panouissement des g\u00e9n\u00e9rations futures.<\/p>\n<p class=\"c1\">A cette occasion, un expos\u00e9 d\u00e9taill\u00e9 a \u00e9t\u00e9 pr\u00e9sent\u00e9 sur les diff\u00e9rents \u00e9tapes de d\u00e9veloppement de la petite enfance. Il a \u00e9t\u00e9 soulign\u00e9, dans ce sens, que cette phase de la vie, qui s\u2019\u00e9tend de la naissance \u00e0 l\u2019\u00e2ge de 6 ans, constitue une \u00e9tape cruciale et d\u00e9cisive dans le d\u00e9veloppement de l\u2019\u00eatre humain, au bout de laquelle le cerveau de l\u2019enfant atteint 80% du volume du cerveau d\u2019un adulte.<\/p>\n<p class=\"c1\">Cette phase de la vie de l\u2019enfant offres plusieurs opportunit\u00e9s qui doivent \u00eatre bien utilis\u00e9es pour r\u00e9ussir le pari du d\u00e9veloppement de la petite enfance, et ce \u00e0 travers diverses interventions comme le suivi de la grossesse et la bonne alimentation des m\u00e8res, la valorisation et l\u2019encouragement de l\u2019allaitement naturel et la garantie de la sant\u00e9 et de la bonne alimentation des b\u00e9b\u00e9s.<\/p>\n<p class=\"c1\">Ces actions doivent aussi porter sur le soutien \u00e0 l\u2019\u00e9ducation stimulante et pr\u00e9coce des enfants, la g\u00e9n\u00e9ralisation de l\u2019acc\u00e8s de tous les enfants \u00e0 un enseignement pr\u00e9scolaire de qualit\u00e9, la sensibilisation \u00e0 l\u2019importance de la promotion de la petite enfance et la mise en place d\u2019un dispositif de sant\u00e9 communautaire et l\u2019appui aux relais communautaires.<\/p>\n<p class=\"c1\">Par ailleurs, cette rencontre a \u00e9t\u00e9 marqu\u00e9e par la signature de deux conventions de partenariat et de coop\u00e9ration pour la r\u00e9alisation de projets dans le cadre de la 3\u00e8me phase de l\u2019INDH, avec pour objectif de contribuer \u00e0 la promotion de la petite enfance.<\/p>\n<p class=\"c1\">La premi\u00e8re convention, sign\u00e9e par le gouverneur de la province de Nador et la directrice provinciale de l\u2019Education nationale, porte sur l\u2019acquisition de 10 autobus de transport scolaire au profit des \u00e9l\u00e8ves du milieu rural, pour une enveloppe de 3,8 millions de dirhams (MDH).<\/p>\n<p class=\"c1\">La deuxi\u00e8me convention, sign\u00e9e par le gouverneur de la province et par la d\u00e9l\u00e9gu\u00e9e provinciale de la Sant\u00e9, concerne, quant \u00e0 elle, l\u2019acquisition d\u2019\u00e9quipements m\u00e9dicaux relatifs aux soins d\u00e9di\u00e9s \u00e0 la sant\u00e9 de la m\u00e8re et de l\u2019enfant, pour un montant de 2 MDH.<\/p>\n<p>Auteur: Soufiane ELAHMAR<br \/>\n<a href=\"http:\/\/www.mapoujda.ma\/fr\/la-promotion-de-la-petite-enfance-au-centre-dune-rencontre\/\">Cliquez ici pour lire l&rsquo;article depuis sa source.<\/a><\/p>\n","protected":false},"excerpt":{"rendered":"<p>Le si\u00e8ge de la pr\u00e9fecture de la province de Nador a accueilli, vendredi, une rencontre de sensibilisation sur la promotion de la petite enfance, sous le th\u00e8me \u00abConstruire l\u2019avenir de nos enfants d\u00e8s la petite enfance\u00bb. Cette rencontre s\u2019inscrit dans le cadre de la campagne nationale sur le d\u00e9veloppement de la petite enfance (21 octobre\/4 [&hellip;]<\/p>\n","protected":false},"author":1788,"featured_media":0,"comment_status":"closed","ping_status":"closed","sticky":false,"template":"","format":"standard","meta":{"fifu_image_url":"","fifu_image_alt":"","footnotes":""},"categories":[54,76],"tags":[],"class_list":["post-66299","post","type-post","status-publish","format-standard","hentry","category-maroc","category-regions"],"_links":{"self":[{"href":"https:\/\/linitiative.ca\/International\/wp-json\/wp\/v2\/posts\/66299","targetHints":{"allow":["GET"]}}],"collection":[{"href":"https:\/\/linitiative.ca\/International\/wp-json\/wp\/v2\/posts"}],"about":[{"href":"https:\/\/linitiative.ca\/International\/wp-json\/wp\/v2\/types\/post"}],"author":[{"embeddable":true,"href":"https:\/\/linitiative.ca\/International\/wp-json\/wp\/v2\/users\/1788"}],"replies":[{"embeddable":true,"href":"https:\/\/linitiative.ca\/International\/wp-json\/wp\/v2\/comments?post=66299"}],"version-history":[{"count":0,"href":"https:\/\/linitiative.ca\/International\/wp-json\/wp\/v2\/posts\/66299\/revisions"}],"wp:attachment":[{"href":"https:\/\/linitiative.ca\/International\/wp-json\/wp\/v2\/media?parent=66299"}],"wp:term":[{"taxonomy":"category","embeddable":true,"href":"https:\/\/linitiative.ca\/International\/wp-json\/wp\/v2\/categories?post=66299"},{"taxonomy":"post_tag","embeddable":true,"href":"https:\/\/linitiative.ca\/International\/wp-json\/wp\/v2\/tags?post=66299"}],"curies":[{"name":"wp","href":"https:\/\/api.w.org\/{rel}","templated":true}]}}