{"id":66301,"date":"2019-11-02T11:41:49","date_gmt":"2019-11-02T15:41:49","guid":{"rendered":"https:\/\/linitiative.ca\/International\/rencontre-sur-la-promotion-de-la-petite-enfance\/"},"modified":"2019-11-02T11:41:49","modified_gmt":"2019-11-02T15:41:49","slug":"rencontre-sur-la-promotion-de-la-petite-enfance","status":"publish","type":"post","link":"https:\/\/linitiative.ca\/International\/rencontre-sur-la-promotion-de-la-petite-enfance\/","title":{"rendered":"Rencontre sur la promotion de la petite enfance"},"content":{"rendered":"<p><iframe loading=\"lazy\" width=\"1170\" height=\"658\" src=\"https:\/\/www.youtube.com\/embed\/pItQtujLqjk?feature=oembed\" frameborder=\"0\" allow=\"accelerometer; autoplay; encrypted-media; gyroscope; picture-in-picture\" allowfullscreen=\"\">[embedded content]<\/iframe><\/p>\n<div class=\"post-header-inner\">\n<div class=\"post-header-title\">\n<p>\n\t\t\t\t<span class=\"time\"><time class=\"post-published updated\" datetime=\"2019-11-02T16:41:49+00:00\"><b><b> 2 novembre 2019 <\/b> <\/b><\/time><\/span>\n\t\t\t<\/p>\n<\/p><\/div>\n<\/p><\/div>\n<div class=\"single-post-excerpt post-excerpt-bc\" readability=\"35\">\n<p>Une journ\u00e9e de sensibilisation sur les moyens de promouvoir la petite enfance a \u00e9t\u00e9 organis\u00e9e, \u00e0 Taourirt, \u00e0 l\u2019initiative du Conseil provincial de d\u00e9veloppement humain (CPDH).<\/p>\n<\/div>\n<p>Auteur: Soufiane ELAHMAR<br \/>\n<a href=\"http:\/\/www.mapoujda.ma\/fr\/rencontre-sur-la-promotion-de-la-petite-enfance\/\">Cliquez ici pour lire l&rsquo;article depuis sa source.<\/a><\/p>\n","protected":false},"excerpt":{"rendered":"<p>[embedded content] 2 novembre 2019 Une journ\u00e9e de sensibilisation sur les moyens de promouvoir la petite enfance a \u00e9t\u00e9 organis\u00e9e, \u00e0 Taourirt, \u00e0 l\u2019initiative du Conseil provincial de d\u00e9veloppement humain (CPDH). Auteur: Soufiane ELAHMAR Cliquez ici pour lire l&rsquo;article depuis sa source.<\/p>\n","protected":false},"author":1788,"featured_media":0,"comment_status":"closed","ping_status":"closed","sticky":false,"template":"","format":"standard","meta":{"fifu_image_url":"","fifu_image_alt":"","footnotes":""},"categories":[54,76],"tags":[],"class_list":["post-66301","post","type-post","status-publish","format-standard","hentry","category-maroc","category-regions"],"_links":{"self":[{"href":"https:\/\/linitiative.ca\/International\/wp-json\/wp\/v2\/posts\/66301","targetHints":{"allow":["GET"]}}],"collection":[{"href":"https:\/\/linitiative.ca\/International\/wp-json\/wp\/v2\/posts"}],"about":[{"href":"https:\/\/linitiative.ca\/International\/wp-json\/wp\/v2\/types\/post"}],"author":[{"embeddable":true,"href":"https:\/\/linitiative.ca\/International\/wp-json\/wp\/v2\/users\/1788"}],"replies":[{"embeddable":true,"href":"https:\/\/linitiative.ca\/International\/wp-json\/wp\/v2\/comments?post=66301"}],"version-history":[{"count":0,"href":"https:\/\/linitiative.ca\/International\/wp-json\/wp\/v2\/posts\/66301\/revisions"}],"wp:attachment":[{"href":"https:\/\/linitiative.ca\/International\/wp-json\/wp\/v2\/media?parent=66301"}],"wp:term":[{"taxonomy":"category","embeddable":true,"href":"https:\/\/linitiative.ca\/International\/wp-json\/wp\/v2\/categories?post=66301"},{"taxonomy":"post_tag","embeddable":true,"href":"https:\/\/linitiative.ca\/International\/wp-json\/wp\/v2\/tags?post=66301"}],"curies":[{"name":"wp","href":"https:\/\/api.w.org\/{rel}","templated":true}]}}