{"id":66304,"date":"2019-11-02T15:14:04","date_gmt":"2019-11-02T19:14:04","guid":{"rendered":"https:\/\/linitiative.ca\/International\/ligue-1-2-jsk-fulgurante-progression-de-mebarki\/"},"modified":"2019-11-02T15:14:04","modified_gmt":"2019-11-02T19:14:04","slug":"ligue-1-2-jsk-fulgurante-progression-de-mebarki","status":"publish","type":"post","link":"https:\/\/linitiative.ca\/International\/ligue-1-2-jsk-fulgurante-progression-de-mebarki\/","title":{"rendered":"Ligue 1 &amp; 2 : JSK : Fulgurante progression de Mebarki"},"content":{"rendered":"<div readability=\"32\">\n<p>Auteur : <span>Sa\u00efd D.<\/span> <span class=\"time\">samedi 02 novembre 2019 10:10<\/span><\/p>\n<\/div>\n<div id=\"post_core\" readability=\"95\">\n<p>Si le pr\u00e9sident Ch\u00e9rif Mellal ne cesse de parler des jeunes joueurs du club, c\u2019est parce qu\u2019il sait pertinemment que son \u00e9quipe renferme dans ses rangs plusieurs \u00e9l\u00e9ments dou\u00e9s techniquement et physiquement. En plus de Tizi Bouali, Rena\u00ef, Oukaci, A\u00eft Abdeslam ou Tafni, d\u2019autres \u00e9l\u00e9ments n\u2019attendent que leur chance pour prouver, \u00e0 leur tour, qu\u2019ils m\u00e9ritent de faire partie de l\u2019\u00e9quipe premi\u00e8re. En effet, le jeune attaquant de l\u2019\u00e9quipe r\u00e9serve, Da\u00efbeche, s\u2019illustre de match en match et occupe d\u00e9sormais la t\u00eate des meilleurs buteurs. Velud l\u2019a d\u00e9j\u00e0 supervis\u00e9 et il ne devrait pas trop tarder \u00e0 le mettre dans le bain. Mais celui qui surprend tout le monde avec sa technique et sa vitesse incroyable, n\u2019est autre que le jeune arri\u00e8re droit, Racim Mebarki. Reconverti en arri\u00e8re droit apr\u00e8s avoir jou\u00e9 dans toutes cat\u00e9gorie en ailier droit, le jeunot Kabyle ne cesse de surprendre. Le coach Hubert Velud lui fait confiance et compte d\u00e9sormais souvent sur lui, au point de rel\u00e9guer carr\u00e9ment l\u2019exp\u00e9riment\u00e9 Amir Bela\u00efli sur le banc. Mercredi dernier, \u00e0 l\u2019issue de la rencontre face \u00e0 l\u2019ASAM, Mebarki, titularis\u00e9, a \u00e9t\u00e9 cr\u00e9dit\u00e9, encore une fois, d\u2019une belle prestation. Il donnait l\u2019impression qu\u2019il joue dans ce poste depuis plusieurs ann\u00e9es. Pour preuve, le technicien fran\u00e7ais s\u2019est permis d\u2019aligner un jeune de 20 ans contre des \u00e9quipes difficiles \u00e0 battre. Pour lui, la combativit\u00e9 de Mebarki fait la diff\u00e9rence, lui qui se d\u00e9cha\u00eene sur le terrain.<br \/><strong>La concurrence avec Bela\u00efli relanc\u00e9e<\/strong><br \/>En d\u00e9but de saison, personne n\u2019imagin\u00e9 que Bela\u00efli et en quelques journ\u00e9es, allait se retrouver sur le banc et parfois non convoqu\u00e9. La progression fulgurante de Mebarki a incit\u00e9 le driver en chef, \u00e0 prendre ce genre de d\u00e9cision. Pour lui, Bela\u00efli ne se donne pas assez durant la semaine, ce qui ouvre la voix au jeune joueur \u00e0 gagner des points. Le moins que l\u2019on puisse dire est que la concurrence est d\u00e9sormais lanc\u00e9e et ce n\u2019est que le d\u00e9but. Bela\u00efli a vraiment du pain sur la planche.<br \/><strong>Velud n\u2019a sanctionn\u00e9 aucun joueur<\/strong><br \/>Alors que certains pensent que le coach a sanctionn\u00e9 Bela\u00efli, Zeghdane et Ra\u00efah, le Fran\u00e7ais a expliqu\u00e9 \u00e0 la fin du match contre l\u2019ASAM qu\u2019il n\u2019a sanctionn\u00e9 personne et que chaque joueur aura une chance pour faire partie des 18. Celui qui se donne \u00e0 fond durant la semaine ne sera que r\u00e9compenser le jour du match. Ceci dit, Bela\u00efli doit se remettre en cause s\u2019il veut vraiment renouer avec la comp\u00e9tition.<br \/>\u00a0<\/p>\n<p><strong>Mebarki : \u00abPas pr\u00eat \u00e0 c\u00e9der ma place\u00bb<\/strong><br \/><strong>Vous avez enfin renou\u00e9 avec les victoires en s\u2019imposant contre le nouveau promu, l\u2019ASAM. Un commentaire ?<\/strong><br \/>C\u2019est une victoire pr\u00e9cieuse, nous avons bien pr\u00e9par\u00e9 ce rendez-vous car on n\u2019avait plus le droit \u00e0 l\u2019erreur notamment apr\u00e8s les deux d\u00e9faites essuy\u00e9es contre l\u2019ASO et le CSC. Le mini-regroupement programm\u00e9 par la direction nous a fait beaucoup de bien, qui nous a permis de se remobiliser. On avait besoin de souffler et de passer \u00e0 autre chose. Dieu merci, les bons r\u00e9sultats sont de retour, j\u2019esp\u00e8re qu\u2019on en aura d\u2019autres.<br \/><strong>Vous avez pein\u00e9, notamment \u00e0 la 2e mi-temps. Peut-on dire que l\u2019ASAM \u00e9tait difficile \u00e0 battre ?<\/strong><br \/>Nous avons jou\u00e9 un match correct par rapport aux deux pr\u00e9c\u00e9dents. Certes nous avons eu affaire \u00e0 une \u00e9quipe accrocheuse notamment en dehors de ses bases. Le but inscrit en premi\u00e8re p\u00e9riode nous a rassur\u00e9s pour bien g\u00e9rer la partie. Je dis aussi qu\u2019on avait les moyens d\u2019inscrire au moins un deuxi\u00e8me but. Malheureusement, nos tentatives ont \u00e9t\u00e9 stopp\u00e9es. Le plus important dans ce genre de rencontre demeure les trois points.<br \/><strong>\u00c7a vous fait quoi de d\u00e9crocher trois pr\u00e9cieux points apr\u00e8s deux am\u00e8res d\u00e9faites ?<\/strong><br \/>Cette victoire nous relancera \u00e0 retrouver notre vitesse de croisi\u00e8re ainsi que notre confiance. Depuis quelque temps, le doute s\u2019est install\u00e9 et il a fallu le chasser. Sans oublier d\u2019ailleurs qu\u2019on joue \u00e0 l\u2019ext\u00e9rieur et \u00e0 huis clos. S\u2019\u00e9loigner de ses fans nous p\u00e9nalise assur\u00e9ment. L\u2019ambiance nous manque et on essaye de glaner le maximum de points avant de purger cette sanction.<br \/><strong>Un d\u00e9placement vous attend ce lundi \u00e0 Bel-Abbes pour d\u00e9fier l\u2019\u00e9quipe locale. Comment appr\u00e9hendez-vous cette partie ?<\/strong><br \/>C\u2019est un match difficile, \u00e0 l\u2019instar des autres d\u2019ailleurs. Cette formation traverse \u00e9galement des moments difficiles en se logeant parmi les derniers au classement. Ainsi, elle fera tout pour nous battre. Quant \u00e0 nous, on essaiera de nous surpasser pour progresser davantage. Apr\u00e8s avoir renou\u00e9 avec les succ\u00e8s, on doit absolument encha\u00eener. C\u2019est un match difficile certes, mais on fera le n\u00e9cessaire pour qu\u2019il soit en notre faveur.<br \/><strong>Physiquement, \u00eates-vous capable de tenir le coup, car jouer deux matchs en cinq jours s\u2019av\u00e8re difficile ?<\/strong><br \/>M\u00eame si, on est habitu\u00e9s \u00e0 relever ce genre de d\u00e9fi. On r\u00e9cup\u00e9rera durant ces trois jours tout en corrigeant nos lacunes. J\u2019esp\u00e8re qu\u2019on sera au rendez-vous et s\u2019offrir les trois points, si on vise \u00e0 marquer notre pr\u00e9sence dans ce championnat.<br \/><strong>Vous avez encore une fois livr\u00e9 une excellente prestation.<\/strong> <strong>C\u2019est quoi le secret de cette progression ?<\/strong><br \/>Je travaille dur pour gagner ma place et pr\u00e9sent quand le coach me sollicite. Je suis un enfant du club et je dois me donner \u00e0 fond pour m\u00e9riter de porter ce maillot. Le driver me fait confiance, donc c\u2019est \u00e0 moi d\u2019honorer mes engagements.<br \/><strong>Allez-vous pr\u00e9server cette place le plus longtemps possible ?<\/strong><br \/>C\u2019est mon but, je vais tout donner pour pr\u00e9server cet acquis. Je progresse tout en consentant des forts pour que je pusse apporter un plus \u00e0 mon \u00e9quipe et devenir un \u00e9l\u00e9ment essentiel.<br \/><strong>Votre mot pour les supporters qui vous manquent beaucoup\u2026<\/strong><br \/>Effectivement, ils nous manquent \u00e9norm\u00e9ment, on regrette de se produire sans leur pr\u00e9sence. On attend avec impatience la lev\u00e9e de la sanction pour voir nos gradins archicombles. Je tiens aussi \u00e0 leur dire qu\u2019ils doivent rester derri\u00e8re nous, et et nous allons faire le n\u00e9cessaire pour r\u00e9aliser un meilleur parcours que celui de l\u2019an dernier.<\/p>\n<p><strong>Publi\u00e9 dans :<\/strong> <span>JSK<\/span> <span>Velud<\/span> <span>Mebarki<\/span><\/p>\n<\/div>\n<p>Auteur:<br \/>\n<a href=\"http:\/\/www.lebuteur.com\/article\/detail?titre=jsk-fulgurante-progression-de-mebarki&#038;id=92675&#038;utm_source=feedburner&#038;utm_medium=feed&#038;utm_campaign=Feed%3A+GalerieFArtciles+%28Les+derniers+articles++-+lebuteur.com%29\">Cliquez ici pour lire l&rsquo;article depuis sa source.<\/a><\/p>\n","protected":false},"excerpt":{"rendered":"<p>Auteur : Sa\u00efd D. samedi 02 novembre 2019 10:10 Si le pr\u00e9sident Ch\u00e9rif Mellal ne cesse de parler des jeunes joueurs du club, c\u2019est parce qu\u2019il sait pertinemment que son \u00e9quipe renferme dans ses rangs plusieurs \u00e9l\u00e9ments dou\u00e9s techniquement et physiquement. En plus de Tizi Bouali, Rena\u00ef, Oukaci, A\u00eft Abdeslam ou Tafni, d\u2019autres \u00e9l\u00e9ments n\u2019attendent [&hellip;]<\/p>\n","protected":false},"author":1738,"featured_media":66305,"comment_status":"closed","ping_status":"closed","sticky":false,"template":"","format":"standard","meta":{"fifu_image_url":"","fifu_image_alt":"","footnotes":""},"categories":[53,75],"tags":[],"class_list":["post-66304","post","type-post","status-publish","format-standard","has-post-thumbnail","hentry","category-algerie","category-sport"],"_links":{"self":[{"href":"https:\/\/linitiative.ca\/International\/wp-json\/wp\/v2\/posts\/66304","targetHints":{"allow":["GET"]}}],"collection":[{"href":"https:\/\/linitiative.ca\/International\/wp-json\/wp\/v2\/posts"}],"about":[{"href":"https:\/\/linitiative.ca\/International\/wp-json\/wp\/v2\/types\/post"}],"author":[{"embeddable":true,"href":"https:\/\/linitiative.ca\/International\/wp-json\/wp\/v2\/users\/1738"}],"replies":[{"embeddable":true,"href":"https:\/\/linitiative.ca\/International\/wp-json\/wp\/v2\/comments?post=66304"}],"version-history":[{"count":0,"href":"https:\/\/linitiative.ca\/International\/wp-json\/wp\/v2\/posts\/66304\/revisions"}],"wp:featuredmedia":[{"embeddable":true,"href":"https:\/\/linitiative.ca\/International\/wp-json\/"}],"wp:attachment":[{"href":"https:\/\/linitiative.ca\/International\/wp-json\/wp\/v2\/media?parent=66304"}],"wp:term":[{"taxonomy":"category","embeddable":true,"href":"https:\/\/linitiative.ca\/International\/wp-json\/wp\/v2\/categories?post=66304"},{"taxonomy":"post_tag","embeddable":true,"href":"https:\/\/linitiative.ca\/International\/wp-json\/wp\/v2\/tags?post=66304"}],"curies":[{"name":"wp","href":"https:\/\/api.w.org\/{rel}","templated":true}]}}