{"id":66310,"date":"2019-11-02T15:14:09","date_gmt":"2019-11-02T19:14:09","guid":{"rendered":"https:\/\/linitiative.ca\/International\/international-la-mere-de-ronaldo-porte-de-graves-accusations\/"},"modified":"2019-11-02T15:14:09","modified_gmt":"2019-11-02T19:14:09","slug":"international-la-mere-de-ronaldo-porte-de-graves-accusations","status":"publish","type":"post","link":"https:\/\/linitiative.ca\/International\/international-la-mere-de-ronaldo-porte-de-graves-accusations\/","title":{"rendered":"International : La m\u00e8re de Ronaldo porte de graves accusations"},"content":{"rendered":"<div readability=\"32\">\n<p>Auteur : <span class=\"time\">samedi 02 novembre 2019 18:57<\/span><\/p>\n<\/div>\n<div id=\"post_core\" readability=\"48\">\n<p>Pr\u00e9sente lors d\u2019un \u00e9v\u00e9nement organis\u00e9 par la cha\u00eene d\u2019h\u00f4tel de Cristiano Ronaldo (34 ans), Dolores Aveiro, la m\u00e8re de l\u2019attaquant de la Juventus Turin, a lanc\u00e9 une grave accusation pour expliquer pourquoi son fils ne gagnait pas davantage de r\u00e9compenses individuelles :<\/p>\n<p>\u00ab\u00a0Il y a une mafia. C&rsquo;est le mot qui correspond pour le d\u00e9finir. Oui, il existe une mafia dans le football, a-t-elle d\u00e9nonc\u00e9 dans des propos relay\u00e9s par la presse espagnole. Si vous regardez tout ce qui s&rsquo;est pass\u00e9, vous vous rendrez compte que c&rsquo;est \u00e0 cause de la mafia. S&rsquo;il \u00e9tait Espagnol ou Anglais, on ne lui ferait pas ce qui lui est arriv\u00e9. Mais comme il est Portugais, de Mad\u00e8re&#8230; Voil\u00e0 ce qui arrive. Le Ballon d&rsquo;Or ? Je ne sais pas s&rsquo;il va le remporter, mais je suis confiante. Je pense qu&rsquo;il le m\u00e9rite si l&rsquo;on analyse ce qu&rsquo;il a r\u00e9alis\u00e9 pendant toute la saison.\u00a0\u00bb Des propos relay\u00e9s par Maxifoot.<\/p>\n<p><strong>Publi\u00e9 dans :<\/strong> <span>ronaldo<\/span><\/p>\n<\/div>\n<p>Auteur:<br \/>\n<a href=\"http:\/\/www.lebuteur.com\/article\/detail?titre=la-mere-de-ronaldo-porte-de-graves-accusations&#038;id=92686&#038;utm_source=feedburner&#038;utm_medium=feed&#038;utm_campaign=Feed%3A+GalerieFArtciles+%28Les+derniers+articles++-+lebuteur.com%29\">Cliquez ici pour lire l&rsquo;article depuis sa source.<\/a><\/p>\n","protected":false},"excerpt":{"rendered":"<p>Auteur : samedi 02 novembre 2019 18:57 Pr\u00e9sente lors d\u2019un \u00e9v\u00e9nement organis\u00e9 par la cha\u00eene d\u2019h\u00f4tel de Cristiano Ronaldo (34 ans), Dolores Aveiro, la m\u00e8re de l\u2019attaquant de la Juventus Turin, a lanc\u00e9 une grave accusation pour expliquer pourquoi son fils ne gagnait pas davantage de r\u00e9compenses individuelles : \u00ab\u00a0Il y a une mafia. C&rsquo;est [&hellip;]<\/p>\n","protected":false},"author":1738,"featured_media":66311,"comment_status":"closed","ping_status":"closed","sticky":false,"template":"","format":"standard","meta":{"fifu_image_url":"","fifu_image_alt":"","footnotes":""},"categories":[53,75],"tags":[],"class_list":["post-66310","post","type-post","status-publish","format-standard","has-post-thumbnail","hentry","category-algerie","category-sport"],"_links":{"self":[{"href":"https:\/\/linitiative.ca\/International\/wp-json\/wp\/v2\/posts\/66310","targetHints":{"allow":["GET"]}}],"collection":[{"href":"https:\/\/linitiative.ca\/International\/wp-json\/wp\/v2\/posts"}],"about":[{"href":"https:\/\/linitiative.ca\/International\/wp-json\/wp\/v2\/types\/post"}],"author":[{"embeddable":true,"href":"https:\/\/linitiative.ca\/International\/wp-json\/wp\/v2\/users\/1738"}],"replies":[{"embeddable":true,"href":"https:\/\/linitiative.ca\/International\/wp-json\/wp\/v2\/comments?post=66310"}],"version-history":[{"count":0,"href":"https:\/\/linitiative.ca\/International\/wp-json\/wp\/v2\/posts\/66310\/revisions"}],"wp:featuredmedia":[{"embeddable":true,"href":"https:\/\/linitiative.ca\/International\/wp-json\/"}],"wp:attachment":[{"href":"https:\/\/linitiative.ca\/International\/wp-json\/wp\/v2\/media?parent=66310"}],"wp:term":[{"taxonomy":"category","embeddable":true,"href":"https:\/\/linitiative.ca\/International\/wp-json\/wp\/v2\/categories?post=66310"},{"taxonomy":"post_tag","embeddable":true,"href":"https:\/\/linitiative.ca\/International\/wp-json\/wp\/v2\/tags?post=66310"}],"curies":[{"name":"wp","href":"https:\/\/api.w.org\/{rel}","templated":true}]}}