{"id":66312,"date":"2019-11-02T05:54:00","date_gmt":"2019-11-02T09:54:00","guid":{"rendered":"https:\/\/linitiative.ca\/International\/gaid-salah-preside-une-reception-en-lhonneur-de-hauts-cadres-de-letat-et-de-lanp\/"},"modified":"2019-11-02T05:54:00","modified_gmt":"2019-11-02T09:54:00","slug":"gaid-salah-preside-une-reception-en-lhonneur-de-hauts-cadres-de-letat-et-de-lanp","status":"publish","type":"post","link":"https:\/\/linitiative.ca\/International\/gaid-salah-preside-une-reception-en-lhonneur-de-hauts-cadres-de-letat-et-de-lanp\/","title":{"rendered":"Ga\u00efd Salah pr\u00e9side une r\u00e9ception en l&rsquo;honneur de hauts cadres de l&rsquo;Etat et de l&rsquo;ANP"},"content":{"rendered":"<div>Le G\u00e9n\u00e9ral de corps d&rsquo;Arm\u00e9e, Ahmed Ga\u00efd Salah, vice-ministre de la D\u00e9fense nationale, chef d&rsquo;Etat-major de l&rsquo;Arm\u00e9e nationale populaire a pr\u00e9sid\u00e9 \u00e0 l&rsquo;occasion de la comm\u00e9moration du 65e anniversaire du d\u00e9clenchement de la lutte de lib\u00e9ration nationale le 1er novembre 1954<img loading=\"lazy\" decoding=\"async\" src=\"http:\/\/feeds.feedburner.com\/~r\/ElmoudjahidArticles\/~4\/KpqRjCZhbKI\" height=\"1\" width=\"1\" alt=\"\"><\/div>\n<p>Auteur: elmoudjahid<br \/>\n<a href=\"http:\/\/www.elmoudjahid.com\/fr\/actualites\/143901\">Cliquez ici pour lire l&rsquo;article depuis sa source.<\/a><\/p>\n","protected":false},"excerpt":{"rendered":"<p>Le G\u00e9n\u00e9ral de corps d&rsquo;Arm\u00e9e, Ahmed Ga\u00efd Salah, vice-ministre de la D\u00e9fense nationale, chef d&rsquo;Etat-major de l&rsquo;Arm\u00e9e nationale populaire a pr\u00e9sid\u00e9 \u00e0 l&rsquo;occasion de la comm\u00e9moration du 65e anniversaire du d\u00e9clenchement de la lutte de lib\u00e9ration nationale le 1er novembre 1954 Auteur: elmoudjahid Cliquez ici pour lire l&rsquo;article depuis sa source.<\/p>\n","protected":false},"author":1744,"featured_media":0,"comment_status":"closed","ping_status":"closed","sticky":false,"template":"","format":"standard","meta":{"fifu_image_url":"","fifu_image_alt":"","footnotes":""},"categories":[73,53],"tags":[],"class_list":["post-66312","post","type-post","status-publish","format-standard","hentry","category-actualite","category-algerie"],"_links":{"self":[{"href":"https:\/\/linitiative.ca\/International\/wp-json\/wp\/v2\/posts\/66312","targetHints":{"allow":["GET"]}}],"collection":[{"href":"https:\/\/linitiative.ca\/International\/wp-json\/wp\/v2\/posts"}],"about":[{"href":"https:\/\/linitiative.ca\/International\/wp-json\/wp\/v2\/types\/post"}],"author":[{"embeddable":true,"href":"https:\/\/linitiative.ca\/International\/wp-json\/wp\/v2\/users\/1744"}],"replies":[{"embeddable":true,"href":"https:\/\/linitiative.ca\/International\/wp-json\/wp\/v2\/comments?post=66312"}],"version-history":[{"count":0,"href":"https:\/\/linitiative.ca\/International\/wp-json\/wp\/v2\/posts\/66312\/revisions"}],"wp:attachment":[{"href":"https:\/\/linitiative.ca\/International\/wp-json\/wp\/v2\/media?parent=66312"}],"wp:term":[{"taxonomy":"category","embeddable":true,"href":"https:\/\/linitiative.ca\/International\/wp-json\/wp\/v2\/categories?post=66312"},{"taxonomy":"post_tag","embeddable":true,"href":"https:\/\/linitiative.ca\/International\/wp-json\/wp\/v2\/tags?post=66312"}],"curies":[{"name":"wp","href":"https:\/\/api.w.org\/{rel}","templated":true}]}}